{"id":734,"date":"2025-04-16T13:17:00","date_gmt":"2025-04-16T12:17:00","guid":{"rendered":"http:\/\/www.maisonducoussin.fr\/magazine\/?p=734"},"modified":"2025-04-17T14:12:51","modified_gmt":"2025-04-17T13:12:51","slug":"coussin-dexterieur-le-renouveau","status":"publish","type":"post","link":"http:\/\/www.maisonducoussin.fr\/magazine\/coussin-dexterieur-le-renouveau\/","title":{"rendered":"Le renouveau du coussin ext\u00e9rieur"},"content":{"rendered":"<p>Nous l&rsquo;observons, chez Maison du Coussin, le temps ne fait rien \u00e0 l&rsquo;affaire, m\u00eame si nous avons envie de renouveau du coussin ext\u00e9rieur, nous revenons toujours vers ses codes. Comme des madeleines de Proust, nos clients s&rsquo;attendent, \u00e0 chaque collection de coussins ext\u00e9rieurs, \u00e0 retrouver des rayures. C&rsquo;est rassurant, iconique, comme les tentes des plages de Deauville ou Dinard.<!--more--><\/p>\n<figure id=\"attachment_735\" aria-describedby=\"caption-attachment-735\" style=\"width: 973px\" class=\"wp-caption aligncenter\"><a href=\"http:\/\/www.maisonducoussin.fr\/magazine\/wp-content\/uploads\/2018\/03\/Capture-d\u2019\u00e9cran-2018-03-11-\u00e0-10.28.09.png\"><img loading=\"lazy\" class=\"size-full wp-image-735\" src=\"http:\/\/www.maisonducoussin.fr\/magazine\/wp-content\/uploads\/2018\/03\/Capture-d\u2019\u00e9cran-2018-03-11-\u00e0-10.28.09.png\" alt=\"Coussin d'ext\u00e9rieur ray\u00e9 bleu et blanc\" width=\"973\" height=\"644\" srcset=\"http:\/\/www.maisonducoussin.fr\/magazine\/wp-content\/uploads\/2018\/03\/Capture-d\u2019\u00e9cran-2018-03-11-\u00e0-10.28.09.png 973w, http:\/\/www.maisonducoussin.fr\/magazine\/wp-content\/uploads\/2018\/03\/Capture-d\u2019\u00e9cran-2018-03-11-\u00e0-10.28.09-300x199.png 300w, http:\/\/www.maisonducoussin.fr\/magazine\/wp-content\/uploads\/2018\/03\/Capture-d\u2019\u00e9cran-2018-03-11-\u00e0-10.28.09-700x463.png 700w, http:\/\/www.maisonducoussin.fr\/magazine\/wp-content\/uploads\/2018\/03\/Capture-d\u2019\u00e9cran-2018-03-11-\u00e0-10.28.09-266x177.png 266w, http:\/\/www.maisonducoussin.fr\/magazine\/wp-content\/uploads\/2018\/03\/Capture-d\u2019\u00e9cran-2018-03-11-\u00e0-10.28.09-260x172.png 260w, http:\/\/www.maisonducoussin.fr\/magazine\/wp-content\/uploads\/2018\/03\/Capture-d\u2019\u00e9cran-2018-03-11-\u00e0-10.28.09-76x50.png 76w\" sizes=\"(max-width: 973px) 100vw, 973px\" \/><\/a><figcaption id=\"caption-attachment-735\" class=\"wp-caption-text\">Tentes de plage \u00e0 rayures bleues et blanches \u00e0 Dinard (Photo Dominique Gellez &#8211; Flickr)<\/figcaption><\/figure>\n<p>Comment, alors, vous proposer de la nouveaut\u00e9 tout en r\u00e9pondant \u00e0 vos attentes ? Comment renouveler le coussin ext\u00e9rieur sans vous bousculer ?<\/p>\n<h3>Des rayures, oui, mais revisit\u00e9es<\/h3>\n<p>Nous vous proposons toujours des coussins \u00e0 rayures, certes, mais nous allons nous \u00e9loigner des classiques ! Changeons la disposition, changeons le rythme, changeons les couleurs !<\/p>\n<p><a href=\"http:\/\/www.maisonducoussin.fr\/magazine\/wp-content\/uploads\/2025\/04\/Coussins-exterieurs-rectangulaires-bleu-canard.jpg\"><img loading=\"lazy\" class=\"size-large wp-image-1976 aligncenter\" src=\"http:\/\/www.maisonducoussin.fr\/magazine\/wp-content\/uploads\/2025\/04\/Coussins-exterieurs-rectangulaires-bleu-canard-1024x840.jpg\" alt=\"coussins d\u00e9co ext\u00e9rieurs\" width=\"700\" height=\"574\" srcset=\"http:\/\/www.maisonducoussin.fr\/magazine\/wp-content\/uploads\/2025\/04\/Coussins-exterieurs-rectangulaires-bleu-canard-1024x840.jpg 1024w, http:\/\/www.maisonducoussin.fr\/magazine\/wp-content\/uploads\/2025\/04\/Coussins-exterieurs-rectangulaires-bleu-canard-300x246.jpg 300w, http:\/\/www.maisonducoussin.fr\/magazine\/wp-content\/uploads\/2025\/04\/Coussins-exterieurs-rectangulaires-bleu-canard-768x630.jpg 768w, http:\/\/www.maisonducoussin.fr\/magazine\/wp-content\/uploads\/2025\/04\/Coussins-exterieurs-rectangulaires-bleu-canard-700x574.jpg 700w, http:\/\/www.maisonducoussin.fr\/magazine\/wp-content\/uploads\/2025\/04\/Coussins-exterieurs-rectangulaires-bleu-canard-260x213.jpg 260w, http:\/\/www.maisonducoussin.fr\/magazine\/wp-content\/uploads\/2025\/04\/Coussins-exterieurs-rectangulaires-bleu-canard-61x50.jpg 61w, http:\/\/www.maisonducoussin.fr\/magazine\/wp-content\/uploads\/2025\/04\/Coussins-exterieurs-rectangulaires-bleu-canard.jpg 1500w\" sizes=\"(max-width: 700px) 100vw, 700px\" \/><\/a><\/p>\n<p>Optons tout d&rsquo;abord pour un bleu canard et un turquoise, temp\u00e9r\u00e9s de blanc, avec nos coussins <a href=\"https:\/\/www.maisonducoussin.fr\/coussins-exterieur\/488-coussin-exterieur-bleu-canard-50x50\">BELIZE<\/a>, <a href=\"https:\/\/www.maisonducoussin.fr\/coussins-exterieur\/489-coussin-exterieur-bleu-canard-blanc-40x40\">SEIBAL<\/a>, <a href=\"https:\/\/www.maisonducoussin.fr\/coussins-exterieur\/487-coussin-exterieur-impermeable-bleu-canard-60x30\">VALLARTA<\/a> et <a href=\"https:\/\/www.maisonducoussin.fr\/coussins-exterieur\/490-cousisn-exterieur-rayures-bleu-canard-50x40\">FLORES<\/a>.<\/p>\n<p>Prolongeons l&rsquo;exp\u00e9rience avec une couleur ultra tendance, le rouge terre de Sienne, avec nos coussins <a href=\"https:\/\/www.maisonducoussin.fr\/coussins-exterieur\/482-coussin-exterieur-impermeable-rouge-ecru-40x40\">DULCE<\/a>, <a href=\"https:\/\/www.maisonducoussin.fr\/coussins-exterieur\/485-coussin-exterieur-rectangulaire-rouge-60x30\">CAULKER<\/a>, <a href=\"https:\/\/www.maisonducoussin.fr\/coussins-exterieur\/483-coussin-exterieur-impermeable-rouge-50x50\">PLACENCIA<\/a> et <a href=\"https:\/\/www.maisonducoussin.fr\/coussins-exterieur\/484-coussin-exterieur-impermeable-rectangulaire-rouge-50x40\">VARADERO<\/a> :<\/p>\n<p><a href=\"http:\/\/www.maisonducoussin.fr\/magazine\/wp-content\/uploads\/2025\/04\/Coussins-exterieurs-impermeables-rectangulaires.jpg\"><img loading=\"lazy\" class=\"size-large wp-image-1978 aligncenter\" src=\"http:\/\/www.maisonducoussin.fr\/magazine\/wp-content\/uploads\/2025\/04\/Coussins-exterieurs-impermeables-rectangulaires-1024x768.jpg\" alt=\"\" width=\"700\" height=\"525\" srcset=\"http:\/\/www.maisonducoussin.fr\/magazine\/wp-content\/uploads\/2025\/04\/Coussins-exterieurs-impermeables-rectangulaires-1024x768.jpg 1024w, http:\/\/www.maisonducoussin.fr\/magazine\/wp-content\/uploads\/2025\/04\/Coussins-exterieurs-impermeables-rectangulaires-300x225.jpg 300w, http:\/\/www.maisonducoussin.fr\/magazine\/wp-content\/uploads\/2025\/04\/Coussins-exterieurs-impermeables-rectangulaires-768x576.jpg 768w, http:\/\/www.maisonducoussin.fr\/magazine\/wp-content\/uploads\/2025\/04\/Coussins-exterieurs-impermeables-rectangulaires-1536x1152.jpg 1536w, http:\/\/www.maisonducoussin.fr\/magazine\/wp-content\/uploads\/2025\/04\/Coussins-exterieurs-impermeables-rectangulaires-700x525.jpg 700w, http:\/\/www.maisonducoussin.fr\/magazine\/wp-content\/uploads\/2025\/04\/Coussins-exterieurs-impermeables-rectangulaires-260x195.jpg 260w, http:\/\/www.maisonducoussin.fr\/magazine\/wp-content\/uploads\/2025\/04\/Coussins-exterieurs-impermeables-rectangulaires-67x50.jpg 67w, http:\/\/www.maisonducoussin.fr\/magazine\/wp-content\/uploads\/2025\/04\/Coussins-exterieurs-impermeables-rectangulaires.jpg 1800w\" sizes=\"(max-width: 700px) 100vw, 700px\" \/><\/a><\/p>\n<h3>Coussin d&rsquo;ext\u00e9rieur, des tissus de plus en plus attirants<\/h3>\n<p>Les \u00e9diteurs de tissus font bien des efforts et ont compris que, d\u00e9sormais, pour ceux qui ont la chance d&rsquo;avoir un ext\u00e9rieur, m\u00eame petit, du balcon au grand jardin en passant par la terrasse ou la piscine, le soin port\u00e9 \u00e0 la d\u00e9coration \u00e9tait le m\u00eame qu&rsquo;\u00e0 l&rsquo;int\u00e9rieur et que le besoin de confort et d&rsquo;\u00e9l\u00e9gance \u00e9tait tout aussi important.<\/p>\n<p>En effet, le coussin d&rsquo;ext\u00e9rieur se doit d&rsquo;\u00eatre fabriqu\u00e9 dans un tissu sp\u00e9cial, qui r\u00e9sistera, pour les plus simples, aux averses raisonnables (les gouttes d&rsquo;eau vont glisser sur le tissu sans le traverser) et \u00e0 la d\u00e9coloration du soleil. Ces tissus sont aussi trait\u00e9s pour ne pas souffrir de l&rsquo;humidit\u00e9, c&rsquo;est \u00e0 dire, qu&rsquo;ils sont imputrescibles. Bien s\u00fbr, si vous souhaitez un coussin d&rsquo;ext\u00e9rieur &#8211; sur mesure ou non &#8211; pour un bateau ou si vous pr\u00e9voyez de ne jamais les rentrer, il vaut mieux pr\u00e9voir une fabrication encore plus sp\u00e9cifique (pour cela, il suffit de nous contacter &#8211; contact@maisonducoussin.fr).<\/p>\n<p>Outre ces contraintes techniques, de plus en plus d&rsquo;\u00e9diteurs, comme Nobilis (<a href=\"http:\/\/www.nobilis.fr\">www.nobilis.fr<\/a>),<\/p>\n<p><a href=\"http:\/\/www.maisonducoussin.fr\/magazine\/wp-content\/uploads\/2025\/04\/Capture-decran-2025-04-17-a-15.01.10.png\"><img loading=\"lazy\" class=\"size-large wp-image-1979 aligncenter\" src=\"http:\/\/www.maisonducoussin.fr\/magazine\/wp-content\/uploads\/2025\/04\/Capture-decran-2025-04-17-a-15.01.10-1024x210.png\" alt=\"\" width=\"700\" height=\"144\" srcset=\"http:\/\/www.maisonducoussin.fr\/magazine\/wp-content\/uploads\/2025\/04\/Capture-decran-2025-04-17-a-15.01.10-1024x210.png 1024w, http:\/\/www.maisonducoussin.fr\/magazine\/wp-content\/uploads\/2025\/04\/Capture-decran-2025-04-17-a-15.01.10-300x61.png 300w, http:\/\/www.maisonducoussin.fr\/magazine\/wp-content\/uploads\/2025\/04\/Capture-decran-2025-04-17-a-15.01.10-768x157.png 768w, http:\/\/www.maisonducoussin.fr\/magazine\/wp-content\/uploads\/2025\/04\/Capture-decran-2025-04-17-a-15.01.10-1536x314.png 1536w, http:\/\/www.maisonducoussin.fr\/magazine\/wp-content\/uploads\/2025\/04\/Capture-decran-2025-04-17-a-15.01.10-2048x419.png 2048w, http:\/\/www.maisonducoussin.fr\/magazine\/wp-content\/uploads\/2025\/04\/Capture-decran-2025-04-17-a-15.01.10-700x143.png 700w, http:\/\/www.maisonducoussin.fr\/magazine\/wp-content\/uploads\/2025\/04\/Capture-decran-2025-04-17-a-15.01.10-260x53.png 260w, http:\/\/www.maisonducoussin.fr\/magazine\/wp-content\/uploads\/2025\/04\/Capture-decran-2025-04-17-a-15.01.10-244x50.png 244w\" sizes=\"(max-width: 700px) 100vw, 700px\" \/><\/a><\/p>\n<p>ou Elitis (<a href=\"http:\/\/www.elitis.fr\">www.elitis.fr<\/a>)<\/p>\n<p><a href=\"http:\/\/www.maisonducoussin.fr\/magazine\/wp-content\/uploads\/2025\/04\/Capture-decran-2025-04-17-a-15.03.41.png\"><img loading=\"lazy\" class=\"wp-image-1980 aligncenter\" src=\"http:\/\/www.maisonducoussin.fr\/magazine\/wp-content\/uploads\/2025\/04\/Capture-decran-2025-04-17-a-15.03.41-1024x559.png\" alt=\"\" width=\"586\" height=\"320\" srcset=\"http:\/\/www.maisonducoussin.fr\/magazine\/wp-content\/uploads\/2025\/04\/Capture-decran-2025-04-17-a-15.03.41-1024x559.png 1024w, http:\/\/www.maisonducoussin.fr\/magazine\/wp-content\/uploads\/2025\/04\/Capture-decran-2025-04-17-a-15.03.41-300x164.png 300w, http:\/\/www.maisonducoussin.fr\/magazine\/wp-content\/uploads\/2025\/04\/Capture-decran-2025-04-17-a-15.03.41-768x419.png 768w, http:\/\/www.maisonducoussin.fr\/magazine\/wp-content\/uploads\/2025\/04\/Capture-decran-2025-04-17-a-15.03.41-1536x838.png 1536w, http:\/\/www.maisonducoussin.fr\/magazine\/wp-content\/uploads\/2025\/04\/Capture-decran-2025-04-17-a-15.03.41-700x382.png 700w, http:\/\/www.maisonducoussin.fr\/magazine\/wp-content\/uploads\/2025\/04\/Capture-decran-2025-04-17-a-15.03.41-260x142.png 260w, http:\/\/www.maisonducoussin.fr\/magazine\/wp-content\/uploads\/2025\/04\/Capture-decran-2025-04-17-a-15.03.41-92x50.png 92w, http:\/\/www.maisonducoussin.fr\/magazine\/wp-content\/uploads\/2025\/04\/Capture-decran-2025-04-17-a-15.03.41.png 1646w\" sizes=\"(max-width: 586px) 100vw, 586px\" \/><\/a><\/p>\n<p>proposent des tissus vari\u00e9s, indoor\/outdoor, notamment.<\/p>\n<p>et les propositions pour le coussin d&rsquo;ext\u00e9rieur \u00e0 motifs sont maintenant tr\u00e8s vari\u00e9es :<\/p>\n<h3>Coussin d&rsquo;ext\u00e9rieur, nos classiques tr\u00e8s tendance<\/h3>\n<p>Ce sont maintenant des classiques chez Maison du Coussin : nos 4 th\u00e8mes ray\u00e9s, \u00ab\u00a0Ile de R\u00e9\u00a0\u00bb, \u00ab\u00a0Graphite\u00a0\u00bb, \u00ab\u00a0Mangue\/litchi\u00a0\u00bb et \u00ab\u00a0Multico\u00a0\u00bb. Ces coussins renouvellent la formule en jouant sur les formats de coussins, le sens et la taille des rayures. Le classique sans l&rsquo;ennui !<\/p>\n<p><a href=\"http:\/\/www.maisonducoussin.fr\/magazine\/wp-content\/uploads\/2018\/03\/Coussin-exterieur-bleu-et-beige-1.jpg\"><img loading=\"lazy\" class=\"size-large wp-image-1405\" src=\"http:\/\/www.maisonducoussin.fr\/magazine\/wp-content\/uploads\/2018\/03\/Coussin-exterieur-bleu-et-beige-1-1024x671.jpg\" alt=\"coussin ext\u00e9rieur bleu marine\" width=\"700\" height=\"459\" srcset=\"http:\/\/www.maisonducoussin.fr\/magazine\/wp-content\/uploads\/2018\/03\/Coussin-exterieur-bleu-et-beige-1-1024x671.jpg 1024w, http:\/\/www.maisonducoussin.fr\/magazine\/wp-content\/uploads\/2018\/03\/Coussin-exterieur-bleu-et-beige-1-300x197.jpg 300w, http:\/\/www.maisonducoussin.fr\/magazine\/wp-content\/uploads\/2018\/03\/Coussin-exterieur-bleu-et-beige-1-768x503.jpg 768w, http:\/\/www.maisonducoussin.fr\/magazine\/wp-content\/uploads\/2018\/03\/Coussin-exterieur-bleu-et-beige-1-1536x1007.jpg 1536w, http:\/\/www.maisonducoussin.fr\/magazine\/wp-content\/uploads\/2018\/03\/Coussin-exterieur-bleu-et-beige-1-700x459.jpg 700w, http:\/\/www.maisonducoussin.fr\/magazine\/wp-content\/uploads\/2018\/03\/Coussin-exterieur-bleu-et-beige-1-260x170.jpg 260w, http:\/\/www.maisonducoussin.fr\/magazine\/wp-content\/uploads\/2018\/03\/Coussin-exterieur-bleu-et-beige-1-76x50.jpg 76w, http:\/\/www.maisonducoussin.fr\/magazine\/wp-content\/uploads\/2018\/03\/Coussin-exterieur-bleu-et-beige-1.jpg 2000w\" sizes=\"(max-width: 700px) 100vw, 700px\" \/><\/a><\/p>\n<p>Ces coussins sont \u00e0 retrouver sur notre boutique\u00a0<a href=\"https:\/\/www.maisonducoussin.fr\/20-coussins-exterieur\" target=\"_blank\" rel=\"noopener\">ici<\/a>.<\/p>\n<p><a href=\"http:\/\/www.maisonducoussin.fr\/magazine\/wp-content\/uploads\/2024\/09\/Coussin-exterieur-design.jpg\"><img loading=\"lazy\" class=\"size-large wp-image-1883 aligncenter\" src=\"http:\/\/www.maisonducoussin.fr\/magazine\/wp-content\/uploads\/2024\/09\/Coussin-exterieur-design-1024x1024.jpg\" alt=\"coussin ext\u00e9rieur noir\" width=\"700\" height=\"700\" srcset=\"http:\/\/www.maisonducoussin.fr\/magazine\/wp-content\/uploads\/2024\/09\/Coussin-exterieur-design-1024x1024.jpg 1024w, http:\/\/www.maisonducoussin.fr\/magazine\/wp-content\/uploads\/2024\/09\/Coussin-exterieur-design-300x300.jpg 300w, http:\/\/www.maisonducoussin.fr\/magazine\/wp-content\/uploads\/2024\/09\/Coussin-exterieur-design-150x150.jpg 150w, http:\/\/www.maisonducoussin.fr\/magazine\/wp-content\/uploads\/2024\/09\/Coussin-exterieur-design-768x768.jpg 768w, http:\/\/www.maisonducoussin.fr\/magazine\/wp-content\/uploads\/2024\/09\/Coussin-exterieur-design-450x450.jpg 450w, http:\/\/www.maisonducoussin.fr\/magazine\/wp-content\/uploads\/2024\/09\/Coussin-exterieur-design-700x700.jpg 700w, http:\/\/www.maisonducoussin.fr\/magazine\/wp-content\/uploads\/2024\/09\/Coussin-exterieur-design-80x80.jpg 80w, http:\/\/www.maisonducoussin.fr\/magazine\/wp-content\/uploads\/2024\/09\/Coussin-exterieur-design-260x260.jpg 260w, http:\/\/www.maisonducoussin.fr\/magazine\/wp-content\/uploads\/2024\/09\/Coussin-exterieur-design-50x50.jpg 50w, http:\/\/www.maisonducoussin.fr\/magazine\/wp-content\/uploads\/2024\/09\/Coussin-exterieur-design.jpg 1500w\" sizes=\"(max-width: 700px) 100vw, 700px\" \/><\/a><\/p>\n<p>Ambiance tr\u00e8s Californie des ann\u00e9es 50, avec une harmonie mangue\/litchi, \u00e9vocateur de cocktails en terrasse, de pin up et de d\u00e9capotables !<\/p>\n<p><a href=\"http:\/\/www.maisonducoussin.fr\/magazine\/wp-content\/uploads\/2017\/02\/Coussins-pour-lext\u00e9rieur1.jpg\"><img loading=\"lazy\" class=\"size-large wp-image-1009\" src=\"http:\/\/www.maisonducoussin.fr\/magazine\/wp-content\/uploads\/2017\/02\/Coussins-pour-lext\u00e9rieur1-1024x688.jpg\" alt=\"\" width=\"700\" height=\"470\" srcset=\"http:\/\/www.maisonducoussin.fr\/magazine\/wp-content\/uploads\/2017\/02\/Coussins-pour-lext\u00e9rieur1-1024x688.jpg 1024w, http:\/\/www.maisonducoussin.fr\/magazine\/wp-content\/uploads\/2017\/02\/Coussins-pour-lext\u00e9rieur1-300x202.jpg 300w, http:\/\/www.maisonducoussin.fr\/magazine\/wp-content\/uploads\/2017\/02\/Coussins-pour-lext\u00e9rieur1-700x471.jpg 700w, http:\/\/www.maisonducoussin.fr\/magazine\/wp-content\/uploads\/2017\/02\/Coussins-pour-lext\u00e9rieur1-260x175.jpg 260w, http:\/\/www.maisonducoussin.fr\/magazine\/wp-content\/uploads\/2017\/02\/Coussins-pour-lext\u00e9rieur1-74x50.jpg 74w\" sizes=\"(max-width: 700px) 100vw, 700px\" \/><\/a><\/p>\n<p>S\u00e9duits ? Alors, n&rsquo;h\u00e9sitez plus et pensez \u00e0 d\u00e9corer votre ext\u00e9rieur comme votre int\u00e9rieur et votre plaisir en sera d\u00e9cupl\u00e9 !<\/p>\n<p>Vive les beaux jours !<\/p>\n","protected":false},"excerpt":{"rendered":"<p>Nous l&rsquo;observons, chez Maison du Coussin, le temps ne fait rien \u00e0 l&rsquo;affaire, m\u00eame si nous avons envie de renouveau du coussin ext\u00e9rieur, nous revenons toujours vers ses codes. Comme des madeleines de Proust, nos clients s&rsquo;attendent, \u00e0 chaque collection de coussins ext\u00e9rieurs, \u00e0 retrouver des rayures. C&rsquo;est rassurant, iconique, comme les tentes des plages [&hellip;]<\/p>\n","protected":false},"author":1,"featured_media":1402,"comment_status":"open","ping_status":"open","sticky":false,"template":"","format":"standard","meta":[],"categories":[4],"tags":[],"yoast_head":"<!-- This site is optimized with the Yoast SEO plugin v16.7 - https:\/\/yoast.com\/wordpress\/plugins\/seo\/ -->\n<title>Le renouveau du coussin ext\u00e9rieur - Magazine Maison du Coussin<\/title>\n<meta name=\"description\" content=\"Nous renouvelons le coussin d&#039;ext\u00e9rieur avec cette collection tr\u00e8s color\u00e9e. D\u00e9corez l&#039;ext\u00e9rieur, comme vous d\u00e9corez votre int\u00e9rieur, avec passion.\" \/>\n<meta name=\"robots\" content=\"index, follow, max-snippet:-1, max-image-preview:large, max-video-preview:-1\" \/>\n<link rel=\"canonical\" href=\"https:\/\/www.maisonducoussin.fr\/magazine\/coussin-dexterieur-le-renouveau\/\" \/>\n<meta property=\"og:locale\" content=\"fr_FR\" \/>\n<meta property=\"og:type\" content=\"article\" \/>\n<meta property=\"og:title\" content=\"Le renouveau du coussin ext\u00e9rieur - Magazine Maison du Coussin\" \/>\n<meta property=\"og:description\" content=\"Nous renouvelons le coussin d&#039;ext\u00e9rieur avec cette collection tr\u00e8s color\u00e9e. D\u00e9corez l&#039;ext\u00e9rieur, comme vous d\u00e9corez votre int\u00e9rieur, avec passion.\" \/>\n<meta property=\"og:url\" content=\"https:\/\/www.maisonducoussin.fr\/magazine\/coussin-dexterieur-le-renouveau\/\" \/>\n<meta property=\"og:site_name\" content=\"Magazine Maison du Coussin\" \/>\n<meta property=\"article:published_time\" content=\"2025-04-16T12:17:00+00:00\" \/>\n<meta property=\"article:modified_time\" content=\"2025-04-17T13:12:51+00:00\" \/>\n<meta property=\"og:image\" content=\"http:\/\/www.maisonducoussin.fr\/magazine\/wp-content\/uploads\/2018\/03\/Coussin-exterieur-impermeable-rose-jaune-1024x1024.jpg\" \/>\n\t<meta property=\"og:image:width\" content=\"1024\" \/>\n\t<meta property=\"og:image:height\" content=\"1024\" \/>\n<meta name=\"twitter:card\" content=\"summary\" \/>\n<meta name=\"twitter:label1\" content=\"\u00c9crit par\" \/>\n\t<meta name=\"twitter:data1\" content=\"St\u00e9phane\" \/>\n\t<meta name=\"twitter:label2\" content=\"Dur\u00e9e de lecture est.\" \/>\n\t<meta name=\"twitter:data2\" content=\"4 minutes\" \/>\n<script type=\"application\/ld+json\" class=\"yoast-schema-graph\">{\"@context\":\"https:\/\/schema.org\",\"@graph\":[{\"@type\":\"WebSite\",\"@id\":\"https:\/\/www.maisonducoussin.fr\/magazine\/#website\",\"url\":\"https:\/\/www.maisonducoussin.fr\/magazine\/\",\"name\":\"Magazine Maison du Coussin\",\"description\":\"Le coussin design et couture     &nbsp;\",\"potentialAction\":[{\"@type\":\"SearchAction\",\"target\":{\"@type\":\"EntryPoint\",\"urlTemplate\":\"https:\/\/www.maisonducoussin.fr\/magazine\/?s={search_term_string}\"},\"query-input\":\"required name=search_term_string\"}],\"inLanguage\":\"fr-FR\"},{\"@type\":\"ImageObject\",\"@id\":\"https:\/\/www.maisonducoussin.fr\/magazine\/coussin-dexterieur-le-renouveau\/#primaryimage\",\"inLanguage\":\"fr-FR\",\"url\":\"http:\/\/www.maisonducoussin.fr\/magazine\/wp-content\/uploads\/2018\/03\/Coussin-exterieur-impermeable-rose-jaune.jpg\",\"contentUrl\":\"http:\/\/www.maisonducoussin.fr\/magazine\/wp-content\/uploads\/2018\/03\/Coussin-exterieur-impermeable-rose-jaune.jpg\",\"width\":2000,\"height\":2000,\"caption\":\"coussin-exterieur-rose-et-jaune\"},{\"@type\":\"WebPage\",\"@id\":\"https:\/\/www.maisonducoussin.fr\/magazine\/coussin-dexterieur-le-renouveau\/#webpage\",\"url\":\"https:\/\/www.maisonducoussin.fr\/magazine\/coussin-dexterieur-le-renouveau\/\",\"name\":\"Le renouveau du coussin ext\\u00e9rieur - Magazine Maison du Coussin\",\"isPartOf\":{\"@id\":\"https:\/\/www.maisonducoussin.fr\/magazine\/#website\"},\"primaryImageOfPage\":{\"@id\":\"https:\/\/www.maisonducoussin.fr\/magazine\/coussin-dexterieur-le-renouveau\/#primaryimage\"},\"datePublished\":\"2025-04-16T12:17:00+00:00\",\"dateModified\":\"2025-04-17T13:12:51+00:00\",\"author\":{\"@id\":\"https:\/\/www.maisonducoussin.fr\/magazine\/#\/schema\/person\/48ff60a5cce85917211bb9a37270c614\"},\"description\":\"Nous renouvelons le coussin d'ext\\u00e9rieur avec cette collection tr\\u00e8s color\\u00e9e. D\\u00e9corez l'ext\\u00e9rieur, comme vous d\\u00e9corez votre int\\u00e9rieur, avec passion.\",\"breadcrumb\":{\"@id\":\"https:\/\/www.maisonducoussin.fr\/magazine\/coussin-dexterieur-le-renouveau\/#breadcrumb\"},\"inLanguage\":\"fr-FR\",\"potentialAction\":[{\"@type\":\"ReadAction\",\"target\":[\"https:\/\/www.maisonducoussin.fr\/magazine\/coussin-dexterieur-le-renouveau\/\"]}]},{\"@type\":\"BreadcrumbList\",\"@id\":\"https:\/\/www.maisonducoussin.fr\/magazine\/coussin-dexterieur-le-renouveau\/#breadcrumb\",\"itemListElement\":[{\"@type\":\"ListItem\",\"position\":1,\"name\":\"Accueil\",\"item\":\"https:\/\/www.maisonducoussin.fr\/magazine\/\"},{\"@type\":\"ListItem\",\"position\":2,\"name\":\"Le renouveau du coussin ext\\u00e9rieur\"}]},{\"@type\":\"Person\",\"@id\":\"https:\/\/www.maisonducoussin.fr\/magazine\/#\/schema\/person\/48ff60a5cce85917211bb9a37270c614\",\"name\":\"St\\u00e9phane\",\"image\":{\"@type\":\"ImageObject\",\"@id\":\"https:\/\/www.maisonducoussin.fr\/magazine\/#personlogo\",\"inLanguage\":\"fr-FR\",\"url\":\"http:\/\/0.gravatar.com\/avatar\/9743876a551252d1fe1717b9d9905ec3?s=96&d=mm&r=g\",\"contentUrl\":\"http:\/\/0.gravatar.com\/avatar\/9743876a551252d1fe1717b9d9905ec3?s=96&d=mm&r=g\",\"caption\":\"St\\u00e9phane\"},\"url\":\"http:\/\/www.maisonducoussin.fr\/magazine\/author\/stephane\/\"}]}<\/script>\n<!-- \/ Yoast SEO plugin. -->","yoast_head_json":{"title":"Le renouveau du coussin ext\u00e9rieur - Magazine Maison du Coussin","description":"Nous renouvelons le coussin d'ext\u00e9rieur avec cette collection tr\u00e8s color\u00e9e. D\u00e9corez l'ext\u00e9rieur, comme vous d\u00e9corez votre int\u00e9rieur, avec passion.","robots":{"index":"index","follow":"follow","max-snippet":"max-snippet:-1","max-image-preview":"max-image-preview:large","max-video-preview":"max-video-preview:-1"},"canonical":"https:\/\/www.maisonducoussin.fr\/magazine\/coussin-dexterieur-le-renouveau\/","og_locale":"fr_FR","og_type":"article","og_title":"Le renouveau du coussin ext\u00e9rieur - Magazine Maison du Coussin","og_description":"Nous renouvelons le coussin d'ext\u00e9rieur avec cette collection tr\u00e8s color\u00e9e. D\u00e9corez l'ext\u00e9rieur, comme vous d\u00e9corez votre int\u00e9rieur, avec passion.","og_url":"https:\/\/www.maisonducoussin.fr\/magazine\/coussin-dexterieur-le-renouveau\/","og_site_name":"Magazine Maison du Coussin","article_published_time":"2025-04-16T12:17:00+00:00","article_modified_time":"2025-04-17T13:12:51+00:00","og_image":[{"width":1024,"height":1024,"path":"2018\/03\/Coussin-exterieur-impermeable-rose-jaune-1024x1024.jpg","url":"http:\/\/www.maisonducoussin.fr\/magazine\/wp-content\/uploads\/2018\/03\/Coussin-exterieur-impermeable-rose-jaune-1024x1024.jpg","size":"large","id":1402,"alt":"coussin-exterieur-rose-et-jaune","pixels":1048576,"type":"image\/jpeg"}],"twitter_card":"summary","twitter_misc":{"\u00c9crit par":"St\u00e9phane","Dur\u00e9e de lecture est.":"4 minutes"},"schema":{"@context":"https:\/\/schema.org","@graph":[{"@type":"WebSite","@id":"https:\/\/www.maisonducoussin.fr\/magazine\/#website","url":"https:\/\/www.maisonducoussin.fr\/magazine\/","name":"Magazine Maison du Coussin","description":"Le coussin design et couture     &nbsp;","potentialAction":[{"@type":"SearchAction","target":{"@type":"EntryPoint","urlTemplate":"https:\/\/www.maisonducoussin.fr\/magazine\/?s={search_term_string}"},"query-input":"required name=search_term_string"}],"inLanguage":"fr-FR"},{"@type":"ImageObject","@id":"https:\/\/www.maisonducoussin.fr\/magazine\/coussin-dexterieur-le-renouveau\/#primaryimage","inLanguage":"fr-FR","url":"http:\/\/www.maisonducoussin.fr\/magazine\/wp-content\/uploads\/2018\/03\/Coussin-exterieur-impermeable-rose-jaune.jpg","contentUrl":"http:\/\/www.maisonducoussin.fr\/magazine\/wp-content\/uploads\/2018\/03\/Coussin-exterieur-impermeable-rose-jaune.jpg","width":2000,"height":2000,"caption":"coussin-exterieur-rose-et-jaune"},{"@type":"WebPage","@id":"https:\/\/www.maisonducoussin.fr\/magazine\/coussin-dexterieur-le-renouveau\/#webpage","url":"https:\/\/www.maisonducoussin.fr\/magazine\/coussin-dexterieur-le-renouveau\/","name":"Le renouveau du coussin ext\u00e9rieur - Magazine Maison du Coussin","isPartOf":{"@id":"https:\/\/www.maisonducoussin.fr\/magazine\/#website"},"primaryImageOfPage":{"@id":"https:\/\/www.maisonducoussin.fr\/magazine\/coussin-dexterieur-le-renouveau\/#primaryimage"},"datePublished":"2025-04-16T12:17:00+00:00","dateModified":"2025-04-17T13:12:51+00:00","author":{"@id":"https:\/\/www.maisonducoussin.fr\/magazine\/#\/schema\/person\/48ff60a5cce85917211bb9a37270c614"},"description":"Nous renouvelons le coussin d'ext\u00e9rieur avec cette collection tr\u00e8s color\u00e9e. D\u00e9corez l'ext\u00e9rieur, comme vous d\u00e9corez votre int\u00e9rieur, avec passion.","breadcrumb":{"@id":"https:\/\/www.maisonducoussin.fr\/magazine\/coussin-dexterieur-le-renouveau\/#breadcrumb"},"inLanguage":"fr-FR","potentialAction":[{"@type":"ReadAction","target":["https:\/\/www.maisonducoussin.fr\/magazine\/coussin-dexterieur-le-renouveau\/"]}]},{"@type":"BreadcrumbList","@id":"https:\/\/www.maisonducoussin.fr\/magazine\/coussin-dexterieur-le-renouveau\/#breadcrumb","itemListElement":[{"@type":"ListItem","position":1,"name":"Accueil","item":"https:\/\/www.maisonducoussin.fr\/magazine\/"},{"@type":"ListItem","position":2,"name":"Le renouveau du coussin ext\u00e9rieur"}]},{"@type":"Person","@id":"https:\/\/www.maisonducoussin.fr\/magazine\/#\/schema\/person\/48ff60a5cce85917211bb9a37270c614","name":"St\u00e9phane","image":{"@type":"ImageObject","@id":"https:\/\/www.maisonducoussin.fr\/magazine\/#personlogo","inLanguage":"fr-FR","url":"http:\/\/0.gravatar.com\/avatar\/9743876a551252d1fe1717b9d9905ec3?s=96&d=mm&r=g","contentUrl":"http:\/\/0.gravatar.com\/avatar\/9743876a551252d1fe1717b9d9905ec3?s=96&d=mm&r=g","caption":"St\u00e9phane"},"url":"http:\/\/www.maisonducoussin.fr\/magazine\/author\/stephane\/"}]}},"_links":{"self":[{"href":"http:\/\/www.maisonducoussin.fr\/magazine\/wp-json\/wp\/v2\/posts\/734"}],"collection":[{"href":"http:\/\/www.maisonducoussin.fr\/magazine\/wp-json\/wp\/v2\/posts"}],"about":[{"href":"http:\/\/www.maisonducoussin.fr\/magazine\/wp-json\/wp\/v2\/types\/post"}],"author":[{"embeddable":true,"href":"http:\/\/www.maisonducoussin.fr\/magazine\/wp-json\/wp\/v2\/users\/1"}],"replies":[{"embeddable":true,"href":"http:\/\/www.maisonducoussin.fr\/magazine\/wp-json\/wp\/v2\/comments?post=734"}],"version-history":[{"count":2,"href":"http:\/\/www.maisonducoussin.fr\/magazine\/wp-json\/wp\/v2\/posts\/734\/revisions"}],"predecessor-version":[{"id":1983,"href":"http:\/\/www.maisonducoussin.fr\/magazine\/wp-json\/wp\/v2\/posts\/734\/revisions\/1983"}],"wp:featuredmedia":[{"embeddable":true,"href":"http:\/\/www.maisonducoussin.fr\/magazine\/wp-json\/wp\/v2\/media\/1402"}],"wp:attachment":[{"href":"http:\/\/www.maisonducoussin.fr\/magazine\/wp-json\/wp\/v2\/media?parent=734"}],"wp:term":[{"taxonomy":"category","embeddable":true,"href":"http:\/\/www.maisonducoussin.fr\/magazine\/wp-json\/wp\/v2\/categories?post=734"},{"taxonomy":"post_tag","embeddable":true,"href":"http:\/\/www.maisonducoussin.fr\/magazine\/wp-json\/wp\/v2\/tags?post=734"}],"curies":[{"name":"wp","href":"https:\/\/api.w.org\/{rel}","templated":true}]}}