{"id":1940,"date":"2025-04-15T18:19:45","date_gmt":"2025-04-15T17:19:45","guid":{"rendered":"http:\/\/www.maisonducoussin.fr\/magazine\/?p=1940"},"modified":"2025-04-17T10:46:11","modified_gmt":"2025-04-17T09:46:11","slug":"ensemble-de-coussins-sur-mesure","status":"publish","type":"post","link":"http:\/\/www.maisonducoussin.fr\/magazine\/ensemble-de-coussins-sur-mesure\/","title":{"rendered":"Ensemble de Coussins sur mesure"},"content":{"rendered":"\n<p>Voici l&rsquo;histoire d&rsquo;un projet d&rsquo;un ensemble de coussins sur mesure pour la pi\u00e8ce de vie d&rsquo;un g\u00eete sur la C\u00f4te d&rsquo;Opale.<\/p>\n\n\n\n<p>Nous sommes contact\u00e9s un beau jour de printemps par une cliente qui est en pleine r\u00e9novation de son g\u00eete \u00e0 Audresselles, sur la C\u00f4te d&rsquo;Opale. Elle souhaite poursuivre la vocation haut de gamme de son g\u00eete avec une d\u00e9coration dans un esprit \u00e0 la fois moderne et raffin\u00e9.<\/p>\n\n\n\n<!--more-->\n\n\n\n<h2>Inspiration entre salon marocain et esprit Mah Jong de Roche Bobois<\/h2>\n\n\n\n<p>Les plans de r\u00e9novation du g\u00eete pr\u00e9voient deux grandes banquettes, chacune en L, entourant la porte d&rsquo;entr\u00e9e du salon. L&rsquo;id\u00e9e est de proposer le plus grand nombre d&rsquo;assises possible et donc d&rsquo;optimiser la taille des banquettes en fabriquant un ensemble de coussins d&rsquo;assise et de dossiers sur mesure.<\/p>\n\n\n\n<p>Notre cliente a donc des imp\u00e9ratifs techniques de mesures pr\u00e9cises, des obligations de qualit\u00e9 des mousses et de facilit\u00e9 d&rsquo;entretien des tissus pour assurer la durabilit\u00e9 du salon malgr\u00e9 les passages nombreux dans le g\u00eete.<\/p>\n\n\n\n<p>Enfin, elle a une id\u00e9e ma\u00eetresse : m\u00e9langer les tissus et utiliser des couleurs fortes, \u00e0 la mani\u00e8re des larges banquettes marocaines en tissus traditionnels ou, plus design, dans l&rsquo;esprit des banquettes iconiques de la marque Roche Bobois, avec sa s\u00e9rie Mah Jong. <\/p>\n\n\n<div class=\"wp-block-image\">\n<figure class=\"aligncenter size-large is-resized\"><a href=\"http:\/\/www.maisonducoussin.fr\/magazine\/wp-content\/uploads\/2025\/04\/Capture-decran-2025-04-15-a-18.18.13-2.png\"><img src=\"http:\/\/www.maisonducoussin.fr\/magazine\/wp-content\/uploads\/2025\/04\/Capture-decran-2025-04-15-a-18.18.13-2-1024x630.png\" alt=\"ensemble de coussins\" class=\"wp-image-1944\" width=\"600\" srcset=\"http:\/\/www.maisonducoussin.fr\/magazine\/wp-content\/uploads\/2025\/04\/Capture-decran-2025-04-15-a-18.18.13-2-1024x630.png 1024w, http:\/\/www.maisonducoussin.fr\/magazine\/wp-content\/uploads\/2025\/04\/Capture-decran-2025-04-15-a-18.18.13-2-300x185.png 300w, http:\/\/www.maisonducoussin.fr\/magazine\/wp-content\/uploads\/2025\/04\/Capture-decran-2025-04-15-a-18.18.13-2-768x473.png 768w, http:\/\/www.maisonducoussin.fr\/magazine\/wp-content\/uploads\/2025\/04\/Capture-decran-2025-04-15-a-18.18.13-2-700x431.png 700w, http:\/\/www.maisonducoussin.fr\/magazine\/wp-content\/uploads\/2025\/04\/Capture-decran-2025-04-15-a-18.18.13-2-260x160.png 260w, http:\/\/www.maisonducoussin.fr\/magazine\/wp-content\/uploads\/2025\/04\/Capture-decran-2025-04-15-a-18.18.13-2-81x50.png 81w, http:\/\/www.maisonducoussin.fr\/magazine\/wp-content\/uploads\/2025\/04\/Capture-decran-2025-04-15-a-18.18.13-2.png 1030w\" sizes=\"(max-width: 1024px) 100vw, 1024px\" \/><\/a><figcaption>Salon marocain traditionnel<\/figcaption><\/figure><\/div>\n\n<div class=\"wp-block-image\">\n<figure class=\"aligncenter size-large\"><a href=\"http:\/\/www.maisonducoussin.fr\/magazine\/wp-content\/uploads\/2025\/04\/Capture-decran-2025-04-15-a-18.18.54-1.png\"><img loading=\"lazy\" width=\"1024\" height=\"423\" src=\"http:\/\/www.maisonducoussin.fr\/magazine\/wp-content\/uploads\/2025\/04\/Capture-decran-2025-04-15-a-18.18.54-1-1024x423.png\" alt=\"ensemble de coussins roche bobos\" class=\"wp-image-1945\" srcset=\"http:\/\/www.maisonducoussin.fr\/magazine\/wp-content\/uploads\/2025\/04\/Capture-decran-2025-04-15-a-18.18.54-1-1024x423.png 1024w, http:\/\/www.maisonducoussin.fr\/magazine\/wp-content\/uploads\/2025\/04\/Capture-decran-2025-04-15-a-18.18.54-1-300x124.png 300w, http:\/\/www.maisonducoussin.fr\/magazine\/wp-content\/uploads\/2025\/04\/Capture-decran-2025-04-15-a-18.18.54-1-768x317.png 768w, http:\/\/www.maisonducoussin.fr\/magazine\/wp-content\/uploads\/2025\/04\/Capture-decran-2025-04-15-a-18.18.54-1-700x289.png 700w, http:\/\/www.maisonducoussin.fr\/magazine\/wp-content\/uploads\/2025\/04\/Capture-decran-2025-04-15-a-18.18.54-1-260x107.png 260w, http:\/\/www.maisonducoussin.fr\/magazine\/wp-content\/uploads\/2025\/04\/Capture-decran-2025-04-15-a-18.18.54-1-121x50.png 121w, http:\/\/www.maisonducoussin.fr\/magazine\/wp-content\/uploads\/2025\/04\/Capture-decran-2025-04-15-a-18.18.54-1.png 1110w\" sizes=\"(max-width: 1024px) 100vw, 1024px\" \/><\/a><figcaption>Une des versions du salon Mah Jong de Roche Bobois<\/figcaption><\/figure><\/div>\n\n\n<p>Mais notre cliente ne souhaite pas de coussins pos\u00e9s au sol.<\/p>\n\n\n\n<p>Notre mission, si nous l&rsquo;acceptons, est donc la suivante :<\/p>\n\n\n\n<ul><li>Trouver une harmonie de 10 tissus imprim\u00e9s, unis et de couleurs fortes, avec une base de noir et blanc<\/li><li>Trouver les mesures harmonieuses entre chaque ensemble de coussins pour occuper la totalit\u00e9 des banquettes<\/li><li>G\u00e9r\u00e9r les approvisionnements des mousses et des tissus aupr\u00e8s de diff\u00e9rents fournisseurs<\/li><li>Fabriquer et livrer les coussins en s&rsquo;adaptant au d\u00e9roulement des travaux du g\u00eete<\/li><\/ul>\n\n\n\n<h2>Proposer une harmonie de tissus<\/h2>\n\n\n\n<p>La base de ce projet est un travail de styliste : trouver les tissus qui se m\u00e9langeront harmonieusement, en respectant imp\u00e9ratifs techniques de r\u00e9sistance et de facilit\u00e9 d&rsquo;entretien.<\/p>\n\n\n\n<p>D\u00e8s que le projet nous est confi\u00e9, notre styliste s&rsquo;att\u00e8le donc \u00e0 la recherche des tissus et nous multiplions les propositions, d&rsquo;autant que les souhaits de notre cliente \u00e9voluent. D&rsquo;une majorit\u00e9 de noirs et blancs, nous devons finalement proposer des couleurs plus vives.<\/p>\n\n\n\n<figure class=\"wp-block-image size-large is-resized\"><a href=\"http:\/\/www.maisonducoussin.fr\/magazine\/wp-content\/uploads\/2025\/04\/Projet-tissus-1.jpg\"><img src=\"http:\/\/www.maisonducoussin.fr\/magazine\/wp-content\/uploads\/2025\/04\/Projet-tissus-1-1024x724.jpg\" alt=\"ensemble de coussins\" class=\"wp-image-1946\" width=\"800\" srcset=\"http:\/\/www.maisonducoussin.fr\/magazine\/wp-content\/uploads\/2025\/04\/Projet-tissus-1-1024x724.jpg 1024w, http:\/\/www.maisonducoussin.fr\/magazine\/wp-content\/uploads\/2025\/04\/Projet-tissus-1-300x212.jpg 300w, http:\/\/www.maisonducoussin.fr\/magazine\/wp-content\/uploads\/2025\/04\/Projet-tissus-1-768x543.jpg 768w, http:\/\/www.maisonducoussin.fr\/magazine\/wp-content\/uploads\/2025\/04\/Projet-tissus-1-1536x1086.jpg 1536w, http:\/\/www.maisonducoussin.fr\/magazine\/wp-content\/uploads\/2025\/04\/Projet-tissus-1-700x495.jpg 700w, http:\/\/www.maisonducoussin.fr\/magazine\/wp-content\/uploads\/2025\/04\/Projet-tissus-1-260x184.jpg 260w, http:\/\/www.maisonducoussin.fr\/magazine\/wp-content\/uploads\/2025\/04\/Projet-tissus-1-71x50.jpg 71w, http:\/\/www.maisonducoussin.fr\/magazine\/wp-content\/uploads\/2025\/04\/Projet-tissus-1.jpg 1754w\" sizes=\"(max-width: 1024px) 100vw, 1024px\" \/><\/a><\/figure>\n\n\n\n<p>Nous encha\u00eenons les propositions, dans le respect du budget allou\u00e9. Nous optons donc pour des tissus tr\u00e8s haut de gamme, temp\u00e9r\u00e9s par des tissus plus abordables.<\/p>\n\n\n<div class=\"wp-block-image\">\n<figure class=\"aligncenter size-large is-resized\"><a href=\"http:\/\/www.maisonducoussin.fr\/magazine\/wp-content\/uploads\/2025\/04\/Projet-tissus-2.jpg\"><img src=\"http:\/\/www.maisonducoussin.fr\/magazine\/wp-content\/uploads\/2025\/04\/Projet-tissus-2-1024x724.jpg\" alt=\"ensemble de coussins\" class=\"wp-image-1947\" width=\"800\" srcset=\"http:\/\/www.maisonducoussin.fr\/magazine\/wp-content\/uploads\/2025\/04\/Projet-tissus-2-1024x724.jpg 1024w, http:\/\/www.maisonducoussin.fr\/magazine\/wp-content\/uploads\/2025\/04\/Projet-tissus-2-300x212.jpg 300w, http:\/\/www.maisonducoussin.fr\/magazine\/wp-content\/uploads\/2025\/04\/Projet-tissus-2-768x543.jpg 768w, http:\/\/www.maisonducoussin.fr\/magazine\/wp-content\/uploads\/2025\/04\/Projet-tissus-2-1536x1086.jpg 1536w, http:\/\/www.maisonducoussin.fr\/magazine\/wp-content\/uploads\/2025\/04\/Projet-tissus-2-700x495.jpg 700w, http:\/\/www.maisonducoussin.fr\/magazine\/wp-content\/uploads\/2025\/04\/Projet-tissus-2-260x184.jpg 260w, http:\/\/www.maisonducoussin.fr\/magazine\/wp-content\/uploads\/2025\/04\/Projet-tissus-2-71x50.jpg 71w, http:\/\/www.maisonducoussin.fr\/magazine\/wp-content\/uploads\/2025\/04\/Projet-tissus-2.jpg 1754w\" sizes=\"(max-width: 1024px) 100vw, 1024px\" \/><\/a><\/figure><\/div>\n\n\n<p>Le choix final se porte sur :<\/p>\n\n\n\n<ul><li>Des chenilles velours de couleurs vives (orange, mauve et fuchsia) et noire de chez CASAL (@casaltissus)<\/li><li>Des velours lisses tr\u00e8s raffin\u00e9s gris clair et gris anthracite de chez LELIEVRE (@lelievreparis)<\/li><li>Des imprim\u00e9s fleuris de chez DESIGNERS GUILD (@designersguild) et de la collection JEAN PAUL GAULTIER pour LELIEVRE<\/li><li>Des tissus ray\u00e9s de chez ROMO (@romo_fabrics)<\/li><\/ul>\n\n\n\n<p>Une fois les dix tissus finalement s\u00e9lectionn\u00e9s, il nous faut proposer des placements pour l&rsquo;ensemble de coussins.<\/p>\n\n\n\n<figure class=\"wp-block-image size-large\"><a href=\"http:\/\/www.maisonducoussin.fr\/magazine\/wp-content\/uploads\/2025\/04\/Placements-tissus.jpg\"><img loading=\"lazy\" width=\"1024\" height=\"508\" src=\"http:\/\/www.maisonducoussin.fr\/magazine\/wp-content\/uploads\/2025\/04\/Placements-tissus-1024x508.jpg\" alt=\"\" class=\"wp-image-1948\" srcset=\"http:\/\/www.maisonducoussin.fr\/magazine\/wp-content\/uploads\/2025\/04\/Placements-tissus-1024x508.jpg 1024w, http:\/\/www.maisonducoussin.fr\/magazine\/wp-content\/uploads\/2025\/04\/Placements-tissus-300x149.jpg 300w, http:\/\/www.maisonducoussin.fr\/magazine\/wp-content\/uploads\/2025\/04\/Placements-tissus-768x381.jpg 768w, http:\/\/www.maisonducoussin.fr\/magazine\/wp-content\/uploads\/2025\/04\/Placements-tissus-1536x762.jpg 1536w, http:\/\/www.maisonducoussin.fr\/magazine\/wp-content\/uploads\/2025\/04\/Placements-tissus-2048x1016.jpg 2048w, http:\/\/www.maisonducoussin.fr\/magazine\/wp-content\/uploads\/2025\/04\/Placements-tissus-700x347.jpg 700w, http:\/\/www.maisonducoussin.fr\/magazine\/wp-content\/uploads\/2025\/04\/Placements-tissus-260x129.jpg 260w, http:\/\/www.maisonducoussin.fr\/magazine\/wp-content\/uploads\/2025\/04\/Placements-tissus-101x50.jpg 101w\" sizes=\"(max-width: 1024px) 100vw, 1024px\" \/><\/a><figcaption>Nous proposons jusqu&rsquo;\u00e0 14 combinaisons de placements des tissus !<\/figcaption><\/figure>\n\n\n\n<h2>Un ensemble de coussins color\u00e9s \u00e9l\u00e9gant<\/h2>\n\n\n\n<p>Au bout de plusieurs semaines de recherches, nous finalisons le placement des blocs de coussins. Les mesures de tous les coussins sont arr\u00eat\u00e9es.<\/p>\n\n\n<div class=\"wp-block-image\">\n<figure class=\"aligncenter size-large\"><a href=\"http:\/\/www.maisonducoussin.fr\/magazine\/wp-content\/uploads\/2025\/04\/Projet-final.jpg\"><img loading=\"lazy\" width=\"1024\" height=\"724\" src=\"http:\/\/www.maisonducoussin.fr\/magazine\/wp-content\/uploads\/2025\/04\/Projet-final-1024x724.jpg\" alt=\"\" class=\"wp-image-1949\" srcset=\"http:\/\/www.maisonducoussin.fr\/magazine\/wp-content\/uploads\/2025\/04\/Projet-final-1024x724.jpg 1024w, http:\/\/www.maisonducoussin.fr\/magazine\/wp-content\/uploads\/2025\/04\/Projet-final-300x212.jpg 300w, http:\/\/www.maisonducoussin.fr\/magazine\/wp-content\/uploads\/2025\/04\/Projet-final-768x543.jpg 768w, http:\/\/www.maisonducoussin.fr\/magazine\/wp-content\/uploads\/2025\/04\/Projet-final-1536x1086.jpg 1536w, http:\/\/www.maisonducoussin.fr\/magazine\/wp-content\/uploads\/2025\/04\/Projet-final-700x495.jpg 700w, http:\/\/www.maisonducoussin.fr\/magazine\/wp-content\/uploads\/2025\/04\/Projet-final-260x184.jpg 260w, http:\/\/www.maisonducoussin.fr\/magazine\/wp-content\/uploads\/2025\/04\/Projet-final-71x50.jpg 71w, http:\/\/www.maisonducoussin.fr\/magazine\/wp-content\/uploads\/2025\/04\/Projet-final.jpg 1754w\" sizes=\"(max-width: 1024px) 100vw, 1024px\" \/><\/a><\/figure><\/div>\n\n\n<p>La fabrication est exclusivement r\u00e9alis\u00e9e en France dans nos ateliers. La livraison doit ensuite slalomer avec l&rsquo;avanc\u00e9e des travaux du g\u00eete.<\/p>\n\n\n\n<p>Enfin, quelques mois apr\u00e8s les premiers contacts avec notre cliente, nous avons eu le plaisir d&rsquo;avoir un aper\u00e7u de ce projet dont nous sommes particuli\u00e8rement fiers :<\/p>\n\n\n\n<figure class=\"wp-block-image size-large\"><a href=\"http:\/\/www.maisonducoussin.fr\/magazine\/wp-content\/uploads\/2025\/04\/Coussins-banquette-melange-roche-bobois-scaled.jpg\"><img loading=\"lazy\" width=\"1024\" height=\"768\" src=\"http:\/\/www.maisonducoussin.fr\/magazine\/wp-content\/uploads\/2025\/04\/Coussins-banquette-melange-roche-bobois-1024x768.jpg\" alt=\"ensemble de coussins\" class=\"wp-image-1950\" srcset=\"http:\/\/www.maisonducoussin.fr\/magazine\/wp-content\/uploads\/2025\/04\/Coussins-banquette-melange-roche-bobois-1024x768.jpg 1024w, http:\/\/www.maisonducoussin.fr\/magazine\/wp-content\/uploads\/2025\/04\/Coussins-banquette-melange-roche-bobois-300x225.jpg 300w, http:\/\/www.maisonducoussin.fr\/magazine\/wp-content\/uploads\/2025\/04\/Coussins-banquette-melange-roche-bobois-768x576.jpg 768w, http:\/\/www.maisonducoussin.fr\/magazine\/wp-content\/uploads\/2025\/04\/Coussins-banquette-melange-roche-bobois-1536x1152.jpg 1536w, http:\/\/www.maisonducoussin.fr\/magazine\/wp-content\/uploads\/2025\/04\/Coussins-banquette-melange-roche-bobois-2048x1536.jpg 2048w, http:\/\/www.maisonducoussin.fr\/magazine\/wp-content\/uploads\/2025\/04\/Coussins-banquette-melange-roche-bobois-700x525.jpg 700w, http:\/\/www.maisonducoussin.fr\/magazine\/wp-content\/uploads\/2025\/04\/Coussins-banquette-melange-roche-bobois-260x195.jpg 260w, http:\/\/www.maisonducoussin.fr\/magazine\/wp-content\/uploads\/2025\/04\/Coussins-banquette-melange-roche-bobois-67x50.jpg 67w\" sizes=\"(max-width: 1024px) 100vw, 1024px\" \/><\/a><\/figure>\n\n\n\n<p>Si vous souhaitez, vous aussi, nous soumettre un projet et profiter de l&rsquo;ensemble de nos comp\u00e9tences, rendez-vous <a href=\"https:\/\/www.maisonducoussin.fr\/contact\" target=\"_blank\" rel=\"noreferrer noopener\">ici<\/a>.<\/p>\n","protected":false},"excerpt":{"rendered":"<p>Voici l&rsquo;histoire d&rsquo;un projet d&rsquo;un ensemble de coussins sur mesure pour la pi\u00e8ce de vie d&rsquo;un g\u00eete sur la C\u00f4te d&rsquo;Opale. Nous sommes contact\u00e9s un beau jour de printemps par une cliente qui est en pleine r\u00e9novation de son g\u00eete \u00e0 Audresselles, sur la C\u00f4te d&rsquo;Opale. Elle souhaite poursuivre la vocation haut de gamme de [&hellip;]<\/p>\n","protected":false},"author":2,"featured_media":1951,"comment_status":"open","ping_status":"open","sticky":false,"template":"","format":"standard","meta":[],"categories":[15],"tags":[],"yoast_head":"<!-- This site is optimized with the Yoast SEO plugin v16.7 - https:\/\/yoast.com\/wordpress\/plugins\/seo\/ -->\n<title>Ensemble de Coussins sur mesure - Magazine Maison du Coussin<\/title>\n<meta name=\"description\" content=\"Suivez la cr\u00e9ation et le d\u00e9veloppement de ce projet d&#039;un ensemble de coussins \u00e9l\u00e9gant et color\u00e9 pour un g\u00eete haut de gamme de la C\u00f4te d&#039;Opale.\" \/>\n<meta name=\"robots\" content=\"index, follow, max-snippet:-1, max-image-preview:large, max-video-preview:-1\" \/>\n<link rel=\"canonical\" href=\"https:\/\/www.maisonducoussin.fr\/magazine\/ensemble-de-coussins-sur-mesure\/\" \/>\n<meta property=\"og:locale\" content=\"fr_FR\" \/>\n<meta property=\"og:type\" content=\"article\" \/>\n<meta property=\"og:title\" content=\"Ensemble de Coussins sur mesure - Magazine Maison du Coussin\" \/>\n<meta property=\"og:description\" content=\"Suivez la cr\u00e9ation et le d\u00e9veloppement de ce projet d&#039;un ensemble de coussins \u00e9l\u00e9gant et color\u00e9 pour un g\u00eete haut de gamme de la C\u00f4te d&#039;Opale.\" \/>\n<meta property=\"og:url\" content=\"https:\/\/www.maisonducoussin.fr\/magazine\/ensemble-de-coussins-sur-mesure\/\" \/>\n<meta property=\"og:site_name\" content=\"Magazine Maison du Coussin\" \/>\n<meta property=\"article:published_time\" content=\"2025-04-15T17:19:45+00:00\" \/>\n<meta property=\"article:modified_time\" content=\"2025-04-17T09:46:11+00:00\" \/>\n<meta property=\"og:image\" content=\"http:\/\/www.maisonducoussin.fr\/magazine\/wp-content\/uploads\/2025\/04\/Photo-projet-gite-scaled.jpg\" \/>\n\t<meta property=\"og:image:width\" content=\"1920\" \/>\n\t<meta property=\"og:image:height\" content=\"2560\" \/>\n<meta name=\"twitter:card\" content=\"summary\" \/>\n<meta name=\"twitter:label1\" content=\"\u00c9crit par\" \/>\n\t<meta name=\"twitter:data1\" content=\"Caroline\" \/>\n\t<meta name=\"twitter:label2\" content=\"Dur\u00e9e de lecture est.\" \/>\n\t<meta name=\"twitter:data2\" content=\"4 minutes\" \/>\n<script type=\"application\/ld+json\" class=\"yoast-schema-graph\">{\"@context\":\"https:\/\/schema.org\",\"@graph\":[{\"@type\":\"WebSite\",\"@id\":\"https:\/\/www.maisonducoussin.fr\/magazine\/#website\",\"url\":\"https:\/\/www.maisonducoussin.fr\/magazine\/\",\"name\":\"Magazine Maison du Coussin\",\"description\":\"Le coussin design et couture     &nbsp;\",\"potentialAction\":[{\"@type\":\"SearchAction\",\"target\":{\"@type\":\"EntryPoint\",\"urlTemplate\":\"https:\/\/www.maisonducoussin.fr\/magazine\/?s={search_term_string}\"},\"query-input\":\"required name=search_term_string\"}],\"inLanguage\":\"fr-FR\"},{\"@type\":\"ImageObject\",\"@id\":\"https:\/\/www.maisonducoussin.fr\/magazine\/ensemble-de-coussins-sur-mesure\/#primaryimage\",\"inLanguage\":\"fr-FR\",\"url\":\"http:\/\/www.maisonducoussin.fr\/magazine\/wp-content\/uploads\/2025\/04\/Photo-projet-gite-scaled.jpg\",\"contentUrl\":\"http:\/\/www.maisonducoussin.fr\/magazine\/wp-content\/uploads\/2025\/04\/Photo-projet-gite-scaled.jpg\",\"width\":1920,\"height\":2560,\"caption\":\"ensemble de coussins\"},{\"@type\":\"WebPage\",\"@id\":\"https:\/\/www.maisonducoussin.fr\/magazine\/ensemble-de-coussins-sur-mesure\/#webpage\",\"url\":\"https:\/\/www.maisonducoussin.fr\/magazine\/ensemble-de-coussins-sur-mesure\/\",\"name\":\"Ensemble de Coussins sur mesure - Magazine Maison du Coussin\",\"isPartOf\":{\"@id\":\"https:\/\/www.maisonducoussin.fr\/magazine\/#website\"},\"primaryImageOfPage\":{\"@id\":\"https:\/\/www.maisonducoussin.fr\/magazine\/ensemble-de-coussins-sur-mesure\/#primaryimage\"},\"datePublished\":\"2025-04-15T17:19:45+00:00\",\"dateModified\":\"2025-04-17T09:46:11+00:00\",\"author\":{\"@id\":\"https:\/\/www.maisonducoussin.fr\/magazine\/#\/schema\/person\/f49ac6b64851734da633d6d8d6f162dd\"},\"description\":\"Suivez la cr\\u00e9ation et le d\\u00e9veloppement de ce projet d'un ensemble de coussins \\u00e9l\\u00e9gant et color\\u00e9 pour un g\\u00eete haut de gamme de la C\\u00f4te d'Opale.\",\"breadcrumb\":{\"@id\":\"https:\/\/www.maisonducoussin.fr\/magazine\/ensemble-de-coussins-sur-mesure\/#breadcrumb\"},\"inLanguage\":\"fr-FR\",\"potentialAction\":[{\"@type\":\"ReadAction\",\"target\":[\"https:\/\/www.maisonducoussin.fr\/magazine\/ensemble-de-coussins-sur-mesure\/\"]}]},{\"@type\":\"BreadcrumbList\",\"@id\":\"https:\/\/www.maisonducoussin.fr\/magazine\/ensemble-de-coussins-sur-mesure\/#breadcrumb\",\"itemListElement\":[{\"@type\":\"ListItem\",\"position\":1,\"name\":\"Accueil\",\"item\":\"https:\/\/www.maisonducoussin.fr\/magazine\/\"},{\"@type\":\"ListItem\",\"position\":2,\"name\":\"Ensemble de Coussins sur mesure\"}]},{\"@type\":\"Person\",\"@id\":\"https:\/\/www.maisonducoussin.fr\/magazine\/#\/schema\/person\/f49ac6b64851734da633d6d8d6f162dd\",\"name\":\"Caroline\",\"image\":{\"@type\":\"ImageObject\",\"@id\":\"https:\/\/www.maisonducoussin.fr\/magazine\/#personlogo\",\"inLanguage\":\"fr-FR\",\"url\":\"http:\/\/0.gravatar.com\/avatar\/f4699940a7c514f6e47991be030f1a13?s=96&d=mm&r=g\",\"contentUrl\":\"http:\/\/0.gravatar.com\/avatar\/f4699940a7c514f6e47991be030f1a13?s=96&d=mm&r=g\",\"caption\":\"Caroline\"},\"url\":\"http:\/\/www.maisonducoussin.fr\/magazine\/author\/caroline\/\"}]}<\/script>\n<!-- \/ Yoast SEO plugin. -->","yoast_head_json":{"title":"Ensemble de Coussins sur mesure - Magazine Maison du Coussin","description":"Suivez la cr\u00e9ation et le d\u00e9veloppement de ce projet d'un ensemble de coussins \u00e9l\u00e9gant et color\u00e9 pour un g\u00eete haut de gamme de la C\u00f4te d'Opale.","robots":{"index":"index","follow":"follow","max-snippet":"max-snippet:-1","max-image-preview":"max-image-preview:large","max-video-preview":"max-video-preview:-1"},"canonical":"https:\/\/www.maisonducoussin.fr\/magazine\/ensemble-de-coussins-sur-mesure\/","og_locale":"fr_FR","og_type":"article","og_title":"Ensemble de Coussins sur mesure - Magazine Maison du Coussin","og_description":"Suivez la cr\u00e9ation et le d\u00e9veloppement de ce projet d'un ensemble de coussins \u00e9l\u00e9gant et color\u00e9 pour un g\u00eete haut de gamme de la C\u00f4te d'Opale.","og_url":"https:\/\/www.maisonducoussin.fr\/magazine\/ensemble-de-coussins-sur-mesure\/","og_site_name":"Magazine Maison du Coussin","article_published_time":"2025-04-15T17:19:45+00:00","article_modified_time":"2025-04-17T09:46:11+00:00","og_image":[{"width":1920,"height":2560,"filesize":1133348,"url":"http:\/\/www.maisonducoussin.fr\/magazine\/wp-content\/uploads\/2025\/04\/Photo-projet-gite-scaled.jpg","path":"\/home\/maisonducu\/www\/magazine\/wp-content\/uploads\/2025\/04\/Photo-projet-gite-scaled.jpg","size":"full","id":1951,"alt":"ensemble de coussins","pixels":4915200,"type":"image\/jpeg"}],"twitter_card":"summary","twitter_misc":{"\u00c9crit par":"Caroline","Dur\u00e9e de lecture est.":"4 minutes"},"schema":{"@context":"https:\/\/schema.org","@graph":[{"@type":"WebSite","@id":"https:\/\/www.maisonducoussin.fr\/magazine\/#website","url":"https:\/\/www.maisonducoussin.fr\/magazine\/","name":"Magazine Maison du Coussin","description":"Le coussin design et couture     &nbsp;","potentialAction":[{"@type":"SearchAction","target":{"@type":"EntryPoint","urlTemplate":"https:\/\/www.maisonducoussin.fr\/magazine\/?s={search_term_string}"},"query-input":"required name=search_term_string"}],"inLanguage":"fr-FR"},{"@type":"ImageObject","@id":"https:\/\/www.maisonducoussin.fr\/magazine\/ensemble-de-coussins-sur-mesure\/#primaryimage","inLanguage":"fr-FR","url":"http:\/\/www.maisonducoussin.fr\/magazine\/wp-content\/uploads\/2025\/04\/Photo-projet-gite-scaled.jpg","contentUrl":"http:\/\/www.maisonducoussin.fr\/magazine\/wp-content\/uploads\/2025\/04\/Photo-projet-gite-scaled.jpg","width":1920,"height":2560,"caption":"ensemble de coussins"},{"@type":"WebPage","@id":"https:\/\/www.maisonducoussin.fr\/magazine\/ensemble-de-coussins-sur-mesure\/#webpage","url":"https:\/\/www.maisonducoussin.fr\/magazine\/ensemble-de-coussins-sur-mesure\/","name":"Ensemble de Coussins sur mesure - Magazine Maison du Coussin","isPartOf":{"@id":"https:\/\/www.maisonducoussin.fr\/magazine\/#website"},"primaryImageOfPage":{"@id":"https:\/\/www.maisonducoussin.fr\/magazine\/ensemble-de-coussins-sur-mesure\/#primaryimage"},"datePublished":"2025-04-15T17:19:45+00:00","dateModified":"2025-04-17T09:46:11+00:00","author":{"@id":"https:\/\/www.maisonducoussin.fr\/magazine\/#\/schema\/person\/f49ac6b64851734da633d6d8d6f162dd"},"description":"Suivez la cr\u00e9ation et le d\u00e9veloppement de ce projet d'un ensemble de coussins \u00e9l\u00e9gant et color\u00e9 pour un g\u00eete haut de gamme de la C\u00f4te d'Opale.","breadcrumb":{"@id":"https:\/\/www.maisonducoussin.fr\/magazine\/ensemble-de-coussins-sur-mesure\/#breadcrumb"},"inLanguage":"fr-FR","potentialAction":[{"@type":"ReadAction","target":["https:\/\/www.maisonducoussin.fr\/magazine\/ensemble-de-coussins-sur-mesure\/"]}]},{"@type":"BreadcrumbList","@id":"https:\/\/www.maisonducoussin.fr\/magazine\/ensemble-de-coussins-sur-mesure\/#breadcrumb","itemListElement":[{"@type":"ListItem","position":1,"name":"Accueil","item":"https:\/\/www.maisonducoussin.fr\/magazine\/"},{"@type":"ListItem","position":2,"name":"Ensemble de Coussins sur mesure"}]},{"@type":"Person","@id":"https:\/\/www.maisonducoussin.fr\/magazine\/#\/schema\/person\/f49ac6b64851734da633d6d8d6f162dd","name":"Caroline","image":{"@type":"ImageObject","@id":"https:\/\/www.maisonducoussin.fr\/magazine\/#personlogo","inLanguage":"fr-FR","url":"http:\/\/0.gravatar.com\/avatar\/f4699940a7c514f6e47991be030f1a13?s=96&d=mm&r=g","contentUrl":"http:\/\/0.gravatar.com\/avatar\/f4699940a7c514f6e47991be030f1a13?s=96&d=mm&r=g","caption":"Caroline"},"url":"http:\/\/www.maisonducoussin.fr\/magazine\/author\/caroline\/"}]}},"_links":{"self":[{"href":"http:\/\/www.maisonducoussin.fr\/magazine\/wp-json\/wp\/v2\/posts\/1940"}],"collection":[{"href":"http:\/\/www.maisonducoussin.fr\/magazine\/wp-json\/wp\/v2\/posts"}],"about":[{"href":"http:\/\/www.maisonducoussin.fr\/magazine\/wp-json\/wp\/v2\/types\/post"}],"author":[{"embeddable":true,"href":"http:\/\/www.maisonducoussin.fr\/magazine\/wp-json\/wp\/v2\/users\/2"}],"replies":[{"embeddable":true,"href":"http:\/\/www.maisonducoussin.fr\/magazine\/wp-json\/wp\/v2\/comments?post=1940"}],"version-history":[{"count":3,"href":"http:\/\/www.maisonducoussin.fr\/magazine\/wp-json\/wp\/v2\/posts\/1940\/revisions"}],"predecessor-version":[{"id":1961,"href":"http:\/\/www.maisonducoussin.fr\/magazine\/wp-json\/wp\/v2\/posts\/1940\/revisions\/1961"}],"wp:featuredmedia":[{"embeddable":true,"href":"http:\/\/www.maisonducoussin.fr\/magazine\/wp-json\/wp\/v2\/media\/1951"}],"wp:attachment":[{"href":"http:\/\/www.maisonducoussin.fr\/magazine\/wp-json\/wp\/v2\/media?parent=1940"}],"wp:term":[{"taxonomy":"category","embeddable":true,"href":"http:\/\/www.maisonducoussin.fr\/magazine\/wp-json\/wp\/v2\/categories?post=1940"},{"taxonomy":"post_tag","embeddable":true,"href":"http:\/\/www.maisonducoussin.fr\/magazine\/wp-json\/wp\/v2\/tags?post=1940"}],"curies":[{"name":"wp","href":"https:\/\/api.w.org\/{rel}","templated":true}]}}