{"id":1736,"date":"2023-11-04T20:24:15","date_gmt":"2023-11-04T19:24:15","guid":{"rendered":"http:\/\/www.maisonducoussin.fr\/magazine\/?p=1736"},"modified":"2025-01-31T16:50:25","modified_gmt":"2025-01-31T15:50:25","slug":"comment-choisir-ses-coussins","status":"publish","type":"post","link":"http:\/\/www.maisonducoussin.fr\/magazine\/comment-choisir-ses-coussins\/","title":{"rendered":"Comment choisir ses coussins?"},"content":{"rendered":"\n<p>Parmi les services que Maison du Coussin propose, il y a le service \u00ab\u00a0comment choisir ses coussins\u00a0\u00bb ? Nous parlons bien s\u00fbr des coussins d\u00e9coratifs de notre collection. Pour les coussins sur mesure, nous sommes \u00e9videmment compl\u00e8tement votre partenaire.<\/p>\n\n\n\n<p>Pour les coussins de notre collection, en revanche, nos clients sont parfois perdus. Ils ont un d\u00e9sir de changement de leur d\u00e9coration, souvent de celle de leur pi\u00e8ce principale, le salon, mais ne savent pas vers quoi se diriger.<\/p>\n\n\n\n<p>Couleurs, nombre, formats ? D\u00e9couvrez notre cas pratique en fin deuxi\u00e8me partie d&rsquo;article.<\/p>\n\n\n\n<!--more-->\n\n\n\n<h2>La tendance est-elle de bon conseil?<\/h2>\n\n\n\n<p>Tout le monde a ses go\u00fbts, ses couleurs pr\u00e9f\u00e9r\u00e9es, voire ses couleurs d\u00e9test\u00e9es. Tout le monde a accumul\u00e9 dans sa d\u00e9coration des objets, des tableaux, des meubles, qui ont une histoire mais dont la coh\u00e9rence ne saute pas toujours aux yeux. Et tant mieux ! Il vaut mieux des souvenirs que d&rsquo;\u00eatre conforme aux injonctions des magazines.<\/p>\n\n\n\n<p>Cependant, nul besoin de le nier, nous sommes tous influenc\u00e9s par la tendance. Le vert et le jaune moutarde sont partout. Il y a 10 ans, nous trouvions cela moche. Aujourd&rsquo;hui, nous en avons envie.<\/p>\n\n\n<div class=\"wp-block-image\">\n<figure class=\"aligncenter size-large is-resized\"><a href=\"http:\/\/www.maisonducoussin.fr\/magazine\/wp-content\/uploads\/2022\/10\/Coussin-exotique-flamant-rose-40x40-1.jpg\"><img loading=\"lazy\" src=\"http:\/\/www.maisonducoussin.fr\/magazine\/wp-content\/uploads\/2022\/10\/Coussin-exotique-flamant-rose-40x40-1-1024x1024.jpg\" alt=\"coussin vert jungle\" class=\"wp-image-1637\" width=\"453\" height=\"453\" srcset=\"http:\/\/www.maisonducoussin.fr\/magazine\/wp-content\/uploads\/2022\/10\/Coussin-exotique-flamant-rose-40x40-1-1024x1024.jpg 1024w, http:\/\/www.maisonducoussin.fr\/magazine\/wp-content\/uploads\/2022\/10\/Coussin-exotique-flamant-rose-40x40-1-300x300.jpg 300w, http:\/\/www.maisonducoussin.fr\/magazine\/wp-content\/uploads\/2022\/10\/Coussin-exotique-flamant-rose-40x40-1-150x150.jpg 150w, http:\/\/www.maisonducoussin.fr\/magazine\/wp-content\/uploads\/2022\/10\/Coussin-exotique-flamant-rose-40x40-1-768x768.jpg 768w, http:\/\/www.maisonducoussin.fr\/magazine\/wp-content\/uploads\/2022\/10\/Coussin-exotique-flamant-rose-40x40-1-450x450.jpg 450w, http:\/\/www.maisonducoussin.fr\/magazine\/wp-content\/uploads\/2022\/10\/Coussin-exotique-flamant-rose-40x40-1-700x700.jpg 700w, http:\/\/www.maisonducoussin.fr\/magazine\/wp-content\/uploads\/2022\/10\/Coussin-exotique-flamant-rose-40x40-1-80x80.jpg 80w, http:\/\/www.maisonducoussin.fr\/magazine\/wp-content\/uploads\/2022\/10\/Coussin-exotique-flamant-rose-40x40-1-260x260.jpg 260w, http:\/\/www.maisonducoussin.fr\/magazine\/wp-content\/uploads\/2022\/10\/Coussin-exotique-flamant-rose-40x40-1-50x50.jpg 50w, http:\/\/www.maisonducoussin.fr\/magazine\/wp-content\/uploads\/2022\/10\/Coussin-exotique-flamant-rose-40x40-1.jpg 1500w\" sizes=\"(max-width: 453px) 100vw, 453px\" \/><\/a><figcaption>Notre coussin vert jungle SALAK<\/figcaption><\/figure><\/div>\n\n\n<p>Les papiers peints panoramiques nous font r\u00eaver. Hier ils nous semblaient ringards !<\/p>\n\n\n<div class=\"wp-block-image\">\n<figure class=\"aligncenter size-large is-resized\"><a href=\"http:\/\/www.maisonducoussin.fr\/magazine\/wp-content\/uploads\/2023\/11\/Capture-decran-2023-11-04-a-18.44.02.png\"><img loading=\"lazy\" src=\"http:\/\/www.maisonducoussin.fr\/magazine\/wp-content\/uploads\/2023\/11\/Capture-decran-2023-11-04-a-18.44.02-789x1024.png\" alt=\"\" class=\"wp-image-1737\" width=\"475\" height=\"616\" srcset=\"http:\/\/www.maisonducoussin.fr\/magazine\/wp-content\/uploads\/2023\/11\/Capture-decran-2023-11-04-a-18.44.02-789x1024.png 789w, http:\/\/www.maisonducoussin.fr\/magazine\/wp-content\/uploads\/2023\/11\/Capture-decran-2023-11-04-a-18.44.02-231x300.png 231w, http:\/\/www.maisonducoussin.fr\/magazine\/wp-content\/uploads\/2023\/11\/Capture-decran-2023-11-04-a-18.44.02-768x997.png 768w, http:\/\/www.maisonducoussin.fr\/magazine\/wp-content\/uploads\/2023\/11\/Capture-decran-2023-11-04-a-18.44.02-700x909.png 700w, http:\/\/www.maisonducoussin.fr\/magazine\/wp-content\/uploads\/2023\/11\/Capture-decran-2023-11-04-a-18.44.02-260x338.png 260w, http:\/\/www.maisonducoussin.fr\/magazine\/wp-content\/uploads\/2023\/11\/Capture-decran-2023-11-04-a-18.44.02-39x50.png 39w, http:\/\/www.maisonducoussin.fr\/magazine\/wp-content\/uploads\/2023\/11\/Capture-decran-2023-11-04-a-18.44.02.png 978w\" sizes=\"(max-width: 475px) 100vw, 475px\" \/><\/a><figcaption>Papier peint panoramique Papermint<\/figcaption><\/figure><\/div>\n\n\n<p>Donc, bien s\u00fbr, nos go\u00fbts d&rsquo;aujourd&rsquo;hui sont influenc\u00e9s par la tendance, par le regard de nos amis sur cette tendance. <\/p>\n\n\n\n<p>Alors faut-il la suivre ?<\/p>\n\n\n\n<h2>Chez vous, c&rsquo;est chez vous !<\/h2>\n\n\n\n<p>Bien-s\u00fbr que vous pouvez suivre la tendance. Si, en vous interrogeant et en prenant du recul, elle vous pla\u00eet vraiment. Ne la suivez pas si c&rsquo;est simplement pour \u00ab\u00a0\u00eatre \u00e0 la mode\u00a0\u00bb ou impressionner vos amis.<\/p>\n\n\n\n<p>Votre d\u00e9coration int\u00e9rieure est \u00e0 vous. Elle doit vous ressembler, vous envelopper, vous rappeler des souvenirs, plaire \u00e0 ceux qui vivent avec vous et dire un peu de votre \u00e9tat d&rsquo;esprit du moment. <\/p>\n\n\n\n<p>Tout comme les autres accessoires de d\u00e9coration, les objets, vos coussins ne doivent pas \u00eatre des intrus chez vous.<\/p>\n\n\n\n<p>M\u00eame si vous \u00eates, \u00e9videmment, celui ou celle qui vous conna\u00eet le mieux, cela n&#8217;emp\u00eache pas d&rsquo;avoir besoin de conseils et d&rsquo;un regard ext\u00e9rieur.<\/p>\n\n\n\n<p>Petite parenth\u00e8se : y-a-t-il une d\u00e9coration typiquement masculine ? Des coussins \u00e0 choisir un priorit\u00e9 si on est un homme ? Retrouvez notre point de vue et nos conseils <a href=\"http:\/\/www.maisonducoussin.fr\/magazine\/coussins-pour-decoration-masculine\/\" target=\"_blank\" rel=\"noreferrer noopener\">ici.<\/a><\/p>\n\n\n\n<h2>Comment choisir ses coussins ? Cas pratique<\/h2>\n\n\n\n<p>Nous le redisons : notre but est de faire de votre int\u00e9rieur un environnement peut \u00eatre un peu plus actuel, un peu plus harmonieux, avec un oeil neuf mais, en aucun cas, de faire ressembler votre salon \u00e0 un magazine.<\/p>\n\n\n\n<p>Prenons un cas r\u00e9cent qui nous a \u00e9t\u00e9 soumis et qui \u00e9tait particuli\u00e8rement int\u00e9ressant :<\/p>\n\n\n<div class=\"wp-block-image\">\n<figure class=\"aligncenter size-large is-resized\"><a href=\"http:\/\/www.maisonducoussin.fr\/magazine\/wp-content\/uploads\/2023\/11\/20230930_115713-scaled.jpg\"><img loading=\"lazy\" src=\"http:\/\/www.maisonducoussin.fr\/magazine\/wp-content\/uploads\/2023\/11\/20230930_115713-1024x1024.jpg\" alt=\"comment choisir ses coussins\" class=\"wp-image-1738\" width=\"615\" height=\"615\" srcset=\"http:\/\/www.maisonducoussin.fr\/magazine\/wp-content\/uploads\/2023\/11\/20230930_115713-1024x1024.jpg 1024w, http:\/\/www.maisonducoussin.fr\/magazine\/wp-content\/uploads\/2023\/11\/20230930_115713-300x300.jpg 300w, http:\/\/www.maisonducoussin.fr\/magazine\/wp-content\/uploads\/2023\/11\/20230930_115713-150x150.jpg 150w, http:\/\/www.maisonducoussin.fr\/magazine\/wp-content\/uploads\/2023\/11\/20230930_115713-768x768.jpg 768w, http:\/\/www.maisonducoussin.fr\/magazine\/wp-content\/uploads\/2023\/11\/20230930_115713-1536x1536.jpg 1536w, http:\/\/www.maisonducoussin.fr\/magazine\/wp-content\/uploads\/2023\/11\/20230930_115713-2048x2048.jpg 2048w, http:\/\/www.maisonducoussin.fr\/magazine\/wp-content\/uploads\/2023\/11\/20230930_115713-450x450.jpg 450w, http:\/\/www.maisonducoussin.fr\/magazine\/wp-content\/uploads\/2023\/11\/20230930_115713-700x700.jpg 700w, http:\/\/www.maisonducoussin.fr\/magazine\/wp-content\/uploads\/2023\/11\/20230930_115713-80x80.jpg 80w, http:\/\/www.maisonducoussin.fr\/magazine\/wp-content\/uploads\/2023\/11\/20230930_115713-260x260.jpg 260w, http:\/\/www.maisonducoussin.fr\/magazine\/wp-content\/uploads\/2023\/11\/20230930_115713-50x50.jpg 50w\" sizes=\"(max-width: 615px) 100vw, 615px\" \/><\/a><figcaption>Le salon de notre cliente, avant<\/figcaption><\/figure><\/div>\n\n\n<p>Dans sa demande, notre cliente indique souhaiter acheter de nouveaux coussins, pour remplacer ceux existants. La dame insiste particuli\u00e8rement sur le fauteuil rouge vif, qu&rsquo;elle voit comme pi\u00e8ce ma\u00eetresse de la pi\u00e8ce.<\/p>\n\n\n\n<h2>Analyse de la pi\u00e8ce avant<\/h2>\n\n\n\n<p>Si ce fauteuil, imposant, a \u00e9t\u00e9 choisi dans ce coloris, c&rsquo;est que les habitants aiment cette couleur forte, qui dit quelque chose d&rsquo;eux. Inutile de la contourner. Pour autant, faut-il aller dans ce sens ? C&rsquo;est ce qu&rsquo;avait pens\u00e9 notre cliente, sans doute, puisque les coussins actuels, le tapis et quelques objets sont dans des tons de rouge, de rose fuchsia et de violet.<\/p>\n\n\n<div class=\"wp-block-image\">\n<figure class=\"aligncenter size-large\"><a href=\"http:\/\/www.maisonducoussin.fr\/magazine\/wp-content\/uploads\/2023\/05\/Coussins-rouges-a-fleurs-design.jpg\"><img loading=\"lazy\" width=\"1024\" height=\"532\" src=\"http:\/\/www.maisonducoussin.fr\/magazine\/wp-content\/uploads\/2023\/05\/Coussins-rouges-a-fleurs-design-1024x532.jpg\" alt=\"comment choisir ses coussins\" class=\"wp-image-1707\" srcset=\"http:\/\/www.maisonducoussin.fr\/magazine\/wp-content\/uploads\/2023\/05\/Coussins-rouges-a-fleurs-design-1024x532.jpg 1024w, http:\/\/www.maisonducoussin.fr\/magazine\/wp-content\/uploads\/2023\/05\/Coussins-rouges-a-fleurs-design-300x156.jpg 300w, http:\/\/www.maisonducoussin.fr\/magazine\/wp-content\/uploads\/2023\/05\/Coussins-rouges-a-fleurs-design-768x399.jpg 768w, http:\/\/www.maisonducoussin.fr\/magazine\/wp-content\/uploads\/2023\/05\/Coussins-rouges-a-fleurs-design-700x364.jpg 700w, http:\/\/www.maisonducoussin.fr\/magazine\/wp-content\/uploads\/2023\/05\/Coussins-rouges-a-fleurs-design-260x135.jpg 260w, http:\/\/www.maisonducoussin.fr\/magazine\/wp-content\/uploads\/2023\/05\/Coussins-rouges-a-fleurs-design-96x50.jpg 96w, http:\/\/www.maisonducoussin.fr\/magazine\/wp-content\/uploads\/2023\/05\/Coussins-rouges-a-fleurs-design.jpg 1500w\" sizes=\"(max-width: 1024px) 100vw, 1024px\" \/><\/a><figcaption>Les coussins de notre collection rouge<\/figcaption><\/figure><\/div>\n\n\n<p>C&rsquo;est donc assez naturellement que, dans son premier choix, notre cliente s&rsquo;est orient\u00e9e vers notre collection rouge (nos coussins rouges <a href=\"https:\/\/www.maisonducoussin.fr\/coussins-imprimes\/413-coussin-rouge-rectangulaire-60x30\">NAUSORI<\/a>, <a href=\"https:\/\/www.maisonducoussin.fr\/coussins-imprimes\/412-coussin-rouge-rectangulaire-50x40\" target=\"_blank\" rel=\"noreferrer noopener\">LABASA<\/a>, <a href=\"https:\/\/www.maisonducoussin.fr\/coussins-imprimes\/418-Coussin-rouge-a-fleurs-40x40\" target=\"_blank\" rel=\"noreferrer noopener\">GAMBOA<\/a> et <a href=\"https:\/\/www.maisonducoussin.fr\/coussins-imprimes\/411-coussin-rouge-a-fleurs-50x50\" target=\"_blank\" rel=\"noreferrer noopener\">LAMI<\/a>). Mais elle n&rsquo;\u00e9tait pas compl\u00e8tement satisfaite ni s\u00fbre de son choix, au point de nous contacter.<\/p>\n\n\n\n<h2>A y regarder de plus pr\u00e8s<\/h2>\n\n\n\n<p>Le fauteuil et son repose pieds en cuir ont s\u00fbrement \u00e9t\u00e9 un coup de coeur, ils sont visuellement extr\u00eamement pr\u00e9sents, mais r\u00e9sument-t-ils l&rsquo;ambiance de la pi\u00e8ce ?<\/p>\n\n\n<div class=\"wp-block-image\">\n<figure class=\"aligncenter size-large is-resized\"><a href=\"http:\/\/www.maisonducoussin.fr\/magazine\/wp-content\/uploads\/2023\/11\/20231016_102755-scaled.jpg\"><img loading=\"lazy\" src=\"http:\/\/www.maisonducoussin.fr\/magazine\/wp-content\/uploads\/2023\/11\/20231016_102755-1024x1024.jpg\" alt=\"comment choisir ses coussins\" class=\"wp-image-1739\" width=\"684\" height=\"684\" srcset=\"http:\/\/www.maisonducoussin.fr\/magazine\/wp-content\/uploads\/2023\/11\/20231016_102755-1024x1024.jpg 1024w, http:\/\/www.maisonducoussin.fr\/magazine\/wp-content\/uploads\/2023\/11\/20231016_102755-300x300.jpg 300w, http:\/\/www.maisonducoussin.fr\/magazine\/wp-content\/uploads\/2023\/11\/20231016_102755-150x150.jpg 150w, http:\/\/www.maisonducoussin.fr\/magazine\/wp-content\/uploads\/2023\/11\/20231016_102755-768x768.jpg 768w, http:\/\/www.maisonducoussin.fr\/magazine\/wp-content\/uploads\/2023\/11\/20231016_102755-1536x1536.jpg 1536w, http:\/\/www.maisonducoussin.fr\/magazine\/wp-content\/uploads\/2023\/11\/20231016_102755-2048x2048.jpg 2048w, http:\/\/www.maisonducoussin.fr\/magazine\/wp-content\/uploads\/2023\/11\/20231016_102755-450x450.jpg 450w, http:\/\/www.maisonducoussin.fr\/magazine\/wp-content\/uploads\/2023\/11\/20231016_102755-700x700.jpg 700w, http:\/\/www.maisonducoussin.fr\/magazine\/wp-content\/uploads\/2023\/11\/20231016_102755-80x80.jpg 80w, http:\/\/www.maisonducoussin.fr\/magazine\/wp-content\/uploads\/2023\/11\/20231016_102755-260x260.jpg 260w, http:\/\/www.maisonducoussin.fr\/magazine\/wp-content\/uploads\/2023\/11\/20231016_102755-50x50.jpg 50w\" sizes=\"(max-width: 684px) 100vw, 684px\" \/><\/a><figcaption>Une autre vue de la pi\u00e8ce, avec le canap\u00e9 gris clair<\/figcaption><\/figure><\/div>\n\n\n<p>En fait, pas vraiment. Que voit-on surtout ? De beaux meubles en bois relativement fonc\u00e9s. Un sol tr\u00e8s clair. Un mur coquille d&rsquo;oeuf l\u00e9g\u00e8rement plus jaune. Des lampes jaune orang\u00e9 et blanc cass\u00e9, des figurines noires et dor\u00e9es. Et, surtout, des peintures, nombreuses et tr\u00e8s color\u00e9es. Qui, vraisemblablement, sont le coeur des go\u00fbts des habitants de cette maison.<\/p>\n\n\n\n<p>Int\u00e9ressons-nous donc aux peintures. On y voir de l&rsquo;orang\u00e9, du jaune, de l&rsquo;ocre. Des tons chauds, tr\u00e8s en harmonie avec les objets, le mur et le sol. Mais on y voit aussi beaucoup de bleu, un ton froid. Sans doute un autre go\u00fbt fort de notre cliente.<\/p>\n\n\n\n<p>La canap\u00e9 gris clair est, comme la plupart des canap\u00e9s gris, tr\u00e8s facile \u00e0 harmoniser et n&rsquo;est donc pas un frein \u00e0 quelque choix que ce soit.<\/p>\n\n\n\n<p>Le fauteuil, le tapis, les coussins actuels marquent sans doute une envie de changement de notre cliente. Mais cette envie ne semble pas aller au bout, elle est timide et, finalement, peu coh\u00e9rente. les coloris tirant vers le rose et le violet ne semblent pas les bons.<\/p>\n\n\n\n<h2>Quelle direction choisir? Le bleu ou le jaune?<\/h2>\n\n\n\n<p>En effet, \u00e0 ce stade de la r\u00e9flexion, les deux tendances sont envisageables.<\/p>\n\n\n<div class=\"wp-block-image\">\n<figure class=\"aligncenter size-large is-resized\"><a href=\"http:\/\/www.maisonducoussin.fr\/magazine\/wp-content\/uploads\/2023\/11\/Coussins-design-bleus.jpg\"><img loading=\"lazy\" src=\"http:\/\/www.maisonducoussin.fr\/magazine\/wp-content\/uploads\/2023\/11\/Coussins-design-bleus-1024x618.jpg\" alt=\"comment choisir ses coussins\" class=\"wp-image-1740\" width=\"840\" height=\"506\" srcset=\"http:\/\/www.maisonducoussin.fr\/magazine\/wp-content\/uploads\/2023\/11\/Coussins-design-bleus-1024x618.jpg 1024w, http:\/\/www.maisonducoussin.fr\/magazine\/wp-content\/uploads\/2023\/11\/Coussins-design-bleus-300x181.jpg 300w, http:\/\/www.maisonducoussin.fr\/magazine\/wp-content\/uploads\/2023\/11\/Coussins-design-bleus-768x463.jpg 768w, http:\/\/www.maisonducoussin.fr\/magazine\/wp-content\/uploads\/2023\/11\/Coussins-design-bleus-1536x927.jpg 1536w, http:\/\/www.maisonducoussin.fr\/magazine\/wp-content\/uploads\/2023\/11\/Coussins-design-bleus-700x422.jpg 700w, http:\/\/www.maisonducoussin.fr\/magazine\/wp-content\/uploads\/2023\/11\/Coussins-design-bleus-260x157.jpg 260w, http:\/\/www.maisonducoussin.fr\/magazine\/wp-content\/uploads\/2023\/11\/Coussins-design-bleus-83x50.jpg 83w, http:\/\/www.maisonducoussin.fr\/magazine\/wp-content\/uploads\/2023\/11\/Coussins-design-bleus.jpg 2000w\" sizes=\"(max-width: 840px) 100vw, 840px\" \/><\/a><figcaption>les coussins de notre nouvelle s\u00e9rie bleue<\/figcaption><\/figure><\/div>\n\n\n<p>Tr\u00e8s vite, le bleu nous para\u00eet \u00ab\u00a0too much\u00a0\u00bb ! Le bleu, sera certes en harmonie avec les tableaux, mais il va terriblement trancher avec le rouge presque framboise du fauteuil. Et, dans une pi\u00e8ce relativement charg\u00e9e, qui donne \u00e0 voir beaucoup d&rsquo;\u00e9l\u00e9ments et d&rsquo;informations et qui n&rsquo;est pas tr\u00e8s grande, ce n&rsquo;est pas possible.<\/p>\n\n\n\n<p>Reste le jaune, l&rsquo;orang\u00e9, voire le terracotta, des coloris chauds, dans la lign\u00e9e de l&rsquo;ambiance g\u00e9n\u00e9rale du salon.<\/p>\n\n\n<div class=\"wp-block-image\">\n<figure class=\"aligncenter size-full is-resized\"><a href=\"http:\/\/www.maisonducoussin.fr\/magazine\/wp-content\/uploads\/2023\/11\/Coussins-terracotta-design.jpg\"><img loading=\"lazy\" src=\"http:\/\/www.maisonducoussin.fr\/magazine\/wp-content\/uploads\/2023\/11\/Coussins-terracotta-design.jpg\" alt=\"comment choisir ses coussins\" class=\"wp-image-1741\" width=\"577\" height=\"577\" srcset=\"http:\/\/www.maisonducoussin.fr\/magazine\/wp-content\/uploads\/2023\/11\/Coussins-terracotta-design.jpg 1000w, http:\/\/www.maisonducoussin.fr\/magazine\/wp-content\/uploads\/2023\/11\/Coussins-terracotta-design-300x300.jpg 300w, http:\/\/www.maisonducoussin.fr\/magazine\/wp-content\/uploads\/2023\/11\/Coussins-terracotta-design-150x150.jpg 150w, http:\/\/www.maisonducoussin.fr\/magazine\/wp-content\/uploads\/2023\/11\/Coussins-terracotta-design-768x768.jpg 768w, http:\/\/www.maisonducoussin.fr\/magazine\/wp-content\/uploads\/2023\/11\/Coussins-terracotta-design-450x450.jpg 450w, http:\/\/www.maisonducoussin.fr\/magazine\/wp-content\/uploads\/2023\/11\/Coussins-terracotta-design-700x700.jpg 700w, http:\/\/www.maisonducoussin.fr\/magazine\/wp-content\/uploads\/2023\/11\/Coussins-terracotta-design-80x80.jpg 80w, http:\/\/www.maisonducoussin.fr\/magazine\/wp-content\/uploads\/2023\/11\/Coussins-terracotta-design-260x260.jpg 260w, http:\/\/www.maisonducoussin.fr\/magazine\/wp-content\/uploads\/2023\/11\/Coussins-terracotta-design-50x50.jpg 50w\" sizes=\"(max-width: 577px) 100vw, 577px\" \/><\/a><figcaption>Les coussins de notre nouvelle s\u00e9rie terracotta<\/figcaption><\/figure><\/div>\n\n\n<p>Envisageons le terracotta, qui se marie tr\u00e8s bien avec le bois un peu fonc\u00e9, comme on le voit ci-dessus.<\/p>\n\n\n\n<p>Imaginons le maintenant \u00e0 c\u00f4t\u00e9 du fauteuil rouge :<\/p>\n\n\n\n<figure class=\"wp-block-image size-large\"><a href=\"http:\/\/www.maisonducoussin.fr\/magazine\/wp-content\/uploads\/2023\/11\/fauteuil-rouge.jpg\"><img loading=\"lazy\" width=\"1024\" height=\"512\" src=\"http:\/\/www.maisonducoussin.fr\/magazine\/wp-content\/uploads\/2023\/11\/fauteuil-rouge-1024x512.jpg\" alt=\"comment choisir ses coussins\" class=\"wp-image-1742\" srcset=\"http:\/\/www.maisonducoussin.fr\/magazine\/wp-content\/uploads\/2023\/11\/fauteuil-rouge-1024x512.jpg 1024w, http:\/\/www.maisonducoussin.fr\/magazine\/wp-content\/uploads\/2023\/11\/fauteuil-rouge-300x150.jpg 300w, http:\/\/www.maisonducoussin.fr\/magazine\/wp-content\/uploads\/2023\/11\/fauteuil-rouge-768x384.jpg 768w, http:\/\/www.maisonducoussin.fr\/magazine\/wp-content\/uploads\/2023\/11\/fauteuil-rouge-1536x768.jpg 1536w, http:\/\/www.maisonducoussin.fr\/magazine\/wp-content\/uploads\/2023\/11\/fauteuil-rouge-700x350.jpg 700w, http:\/\/www.maisonducoussin.fr\/magazine\/wp-content\/uploads\/2023\/11\/fauteuil-rouge-260x130.jpg 260w, http:\/\/www.maisonducoussin.fr\/magazine\/wp-content\/uploads\/2023\/11\/fauteuil-rouge-100x50.jpg 100w, http:\/\/www.maisonducoussin.fr\/magazine\/wp-content\/uploads\/2023\/11\/fauteuil-rouge.jpg 2000w\" sizes=\"(max-width: 1024px) 100vw, 1024px\" \/><\/a><\/figure>\n\n\n\n<p>Ouhlala, non, cela jure, ce n&rsquo;est pas possible, c&rsquo;est tout simplement moche, disons-le !<\/p>\n\n\n\n<p>Revenons sur notre id\u00e9e du jaune. Nous avons justement une collection jaune moutarde, qui se d\u00e9cline du jaune au brun en passant par le mordor\u00e9. Jouons maintenant sur les textures, les mats, les brillants, les unis, les motifs.<\/p>\n\n\n\n<p>Voici donc la proposition, un peu sch\u00e9matique, que nous avons faite \u00e0 notre cliente:<\/p>\n\n\n\n<figure class=\"wp-block-image size-large\"><a href=\"http:\/\/www.maisonducoussin.fr\/magazine\/wp-content\/uploads\/2023\/11\/Projet-conseil-deco.jpg\"><img loading=\"lazy\" width=\"1024\" height=\"832\" src=\"http:\/\/www.maisonducoussin.fr\/magazine\/wp-content\/uploads\/2023\/11\/Projet-conseil-deco-1024x832.jpg\" alt=\"comment choisir ses coussins\" class=\"wp-image-1744\" srcset=\"http:\/\/www.maisonducoussin.fr\/magazine\/wp-content\/uploads\/2023\/11\/Projet-conseil-deco-1024x832.jpg 1024w, http:\/\/www.maisonducoussin.fr\/magazine\/wp-content\/uploads\/2023\/11\/Projet-conseil-deco-300x244.jpg 300w, http:\/\/www.maisonducoussin.fr\/magazine\/wp-content\/uploads\/2023\/11\/Projet-conseil-deco-768x624.jpg 768w, http:\/\/www.maisonducoussin.fr\/magazine\/wp-content\/uploads\/2023\/11\/Projet-conseil-deco-700x569.jpg 700w, http:\/\/www.maisonducoussin.fr\/magazine\/wp-content\/uploads\/2023\/11\/Projet-conseil-deco-260x211.jpg 260w, http:\/\/www.maisonducoussin.fr\/magazine\/wp-content\/uploads\/2023\/11\/Projet-conseil-deco-62x50.jpg 62w, http:\/\/www.maisonducoussin.fr\/magazine\/wp-content\/uploads\/2023\/11\/Projet-conseil-deco.jpg 1240w\" sizes=\"(max-width: 1024px) 100vw, 1024px\" \/><\/a><\/figure>\n\n\n\n<h2>Comment choisir ses coussins : Et finalement&#8230;<\/h2>\n\n\n\n<p>Notre cliente a suivi nos conseils et voici le r\u00e9sultat :<\/p>\n\n\n\n<figure class=\"wp-block-image size-large\"><a href=\"http:\/\/www.maisonducoussin.fr\/magazine\/wp-content\/uploads\/2021\/09\/Coussins-jaune-moutarde-velours.jpg\"><img loading=\"lazy\" width=\"1021\" height=\"1024\" src=\"http:\/\/www.maisonducoussin.fr\/magazine\/wp-content\/uploads\/2021\/09\/Coussins-jaune-moutarde-velours-1021x1024.jpg\" alt=\"comment choisir ses coussins\" class=\"wp-image-1719\" srcset=\"http:\/\/www.maisonducoussin.fr\/magazine\/wp-content\/uploads\/2021\/09\/Coussins-jaune-moutarde-velours-1021x1024.jpg 1021w, http:\/\/www.maisonducoussin.fr\/magazine\/wp-content\/uploads\/2021\/09\/Coussins-jaune-moutarde-velours-300x300.jpg 300w, http:\/\/www.maisonducoussin.fr\/magazine\/wp-content\/uploads\/2021\/09\/Coussins-jaune-moutarde-velours-150x150.jpg 150w, http:\/\/www.maisonducoussin.fr\/magazine\/wp-content\/uploads\/2021\/09\/Coussins-jaune-moutarde-velours-768x771.jpg 768w, http:\/\/www.maisonducoussin.fr\/magazine\/wp-content\/uploads\/2021\/09\/Coussins-jaune-moutarde-velours-450x450.jpg 450w, http:\/\/www.maisonducoussin.fr\/magazine\/wp-content\/uploads\/2021\/09\/Coussins-jaune-moutarde-velours-700x702.jpg 700w, http:\/\/www.maisonducoussin.fr\/magazine\/wp-content\/uploads\/2021\/09\/Coussins-jaune-moutarde-velours-80x80.jpg 80w, http:\/\/www.maisonducoussin.fr\/magazine\/wp-content\/uploads\/2021\/09\/Coussins-jaune-moutarde-velours-260x261.jpg 260w, http:\/\/www.maisonducoussin.fr\/magazine\/wp-content\/uploads\/2021\/09\/Coussins-jaune-moutarde-velours-50x50.jpg 50w, http:\/\/www.maisonducoussin.fr\/magazine\/wp-content\/uploads\/2021\/09\/Coussins-jaune-moutarde-velours.jpg 1495w\" sizes=\"(max-width: 1021px) 100vw, 1021px\" \/><\/a><\/figure>\n\n\n\n<figure class=\"wp-block-image size-large\"><a href=\"http:\/\/www.maisonducoussin.fr\/magazine\/wp-content\/uploads\/2023\/11\/20231025_192820-scaled.jpg\"><img loading=\"lazy\" width=\"1024\" height=\"1024\" src=\"http:\/\/www.maisonducoussin.fr\/magazine\/wp-content\/uploads\/2023\/11\/20231025_192820-1024x1024.jpg\" alt=\"\" class=\"wp-image-1745\" srcset=\"http:\/\/www.maisonducoussin.fr\/magazine\/wp-content\/uploads\/2023\/11\/20231025_192820-1024x1024.jpg 1024w, http:\/\/www.maisonducoussin.fr\/magazine\/wp-content\/uploads\/2023\/11\/20231025_192820-300x300.jpg 300w, http:\/\/www.maisonducoussin.fr\/magazine\/wp-content\/uploads\/2023\/11\/20231025_192820-150x150.jpg 150w, http:\/\/www.maisonducoussin.fr\/magazine\/wp-content\/uploads\/2023\/11\/20231025_192820-768x768.jpg 768w, http:\/\/www.maisonducoussin.fr\/magazine\/wp-content\/uploads\/2023\/11\/20231025_192820-1536x1536.jpg 1536w, http:\/\/www.maisonducoussin.fr\/magazine\/wp-content\/uploads\/2023\/11\/20231025_192820-2048x2048.jpg 2048w, http:\/\/www.maisonducoussin.fr\/magazine\/wp-content\/uploads\/2023\/11\/20231025_192820-450x450.jpg 450w, http:\/\/www.maisonducoussin.fr\/magazine\/wp-content\/uploads\/2023\/11\/20231025_192820-700x700.jpg 700w, http:\/\/www.maisonducoussin.fr\/magazine\/wp-content\/uploads\/2023\/11\/20231025_192820-80x80.jpg 80w, http:\/\/www.maisonducoussin.fr\/magazine\/wp-content\/uploads\/2023\/11\/20231025_192820-260x260.jpg 260w, http:\/\/www.maisonducoussin.fr\/magazine\/wp-content\/uploads\/2023\/11\/20231025_192820-50x50.jpg 50w\" sizes=\"(max-width: 1024px) 100vw, 1024px\" \/><\/a><\/figure>\n\n\n\n<p>Pour \u00eatre honn\u00eate, nous avions sugg\u00e9r\u00e9 \u00e0 notre cliente de se s\u00e9parer de son tapis. Visiblement, elle ne l&rsquo;a pas souhait\u00e9. Bien entendu, ce sont nos clients qui ont le dernier mot. <\/p>\n\n\n\n<p>Que pensez-vous de cette transformation ?<\/p>\n\n\n\n<p>Retrouvez l&rsquo;ensemble de nos collections de coussins d\u00e9coratifs sur notre <a href=\"http:\/\/www.maisonducoussin.fr\" target=\"_blank\" rel=\"noreferrer noopener\">boutique<\/a>.<\/p>\n\n\n\n<p>Pour toute demande de conseils pour votre choix, (service gratuit), n&rsquo;h\u00e9sitez pas \u00e0 nous contacter <a href=\"https:\/\/www.maisonducoussin.fr\/contact\" target=\"_blank\" rel=\"noreferrer noopener\">ici<\/a>.<\/p>\n","protected":false},"excerpt":{"rendered":"<p>Parmi les services que Maison du Coussin propose, il y a le service \u00ab\u00a0comment choisir ses coussins\u00a0\u00bb ? Nous parlons bien s\u00fbr des coussins d\u00e9coratifs de notre collection. Pour les coussins sur mesure, nous sommes \u00e9videmment compl\u00e8tement votre partenaire. Pour les coussins de notre collection, en revanche, nos clients sont parfois perdus. Ils ont un [&hellip;]<\/p>\n","protected":false},"author":2,"featured_media":1746,"comment_status":"open","ping_status":"open","sticky":false,"template":"","format":"standard","meta":[],"categories":[15],"tags":[],"yoast_head":"<!-- This site is optimized with the Yoast SEO plugin v16.7 - https:\/\/yoast.com\/wordpress\/plugins\/seo\/ -->\n<title>Comment choisir ses coussins? - Magazine Maison du Coussin<\/title>\n<meta name=\"description\" content=\"Comment choisir ses coussins ? Suivez nos conseils pour vraiment personnaliser votre d\u00e9coration int\u00e9rieure avec des coussins.\" \/>\n<meta name=\"robots\" content=\"index, follow, max-snippet:-1, max-image-preview:large, max-video-preview:-1\" \/>\n<link rel=\"canonical\" href=\"http:\/\/www.maisonducoussin.fr\/magazine\/comment-choisir-ses-coussins\/\" \/>\n<meta property=\"og:locale\" content=\"fr_FR\" \/>\n<meta property=\"og:type\" content=\"article\" \/>\n<meta property=\"og:title\" content=\"Comment choisir ses coussins? - Magazine Maison du Coussin\" \/>\n<meta property=\"og:description\" content=\"Comment choisir ses coussins ? Suivez nos conseils pour vraiment personnaliser votre d\u00e9coration int\u00e9rieure avec des coussins.\" \/>\n<meta property=\"og:url\" content=\"http:\/\/www.maisonducoussin.fr\/magazine\/comment-choisir-ses-coussins\/\" \/>\n<meta property=\"og:site_name\" content=\"Magazine Maison du Coussin\" \/>\n<meta property=\"article:published_time\" content=\"2023-11-04T19:24:15+00:00\" \/>\n<meta property=\"article:modified_time\" content=\"2025-01-31T15:50:25+00:00\" \/>\n<meta property=\"og:image\" content=\"http:\/\/www.maisonducoussin.fr\/magazine\/wp-content\/uploads\/2023\/11\/Coussins-deco-noir-et-dores.jpg\" \/>\n\t<meta property=\"og:image:width\" content=\"2000\" \/>\n\t<meta property=\"og:image:height\" content=\"1177\" \/>\n<meta name=\"twitter:card\" content=\"summary\" \/>\n<meta name=\"twitter:label1\" content=\"\u00c9crit par\" \/>\n\t<meta name=\"twitter:data1\" content=\"Caroline\" \/>\n\t<meta name=\"twitter:label2\" content=\"Dur\u00e9e de lecture est.\" \/>\n\t<meta name=\"twitter:data2\" content=\"7 minutes\" \/>\n<script type=\"application\/ld+json\" class=\"yoast-schema-graph\">{\"@context\":\"https:\/\/schema.org\",\"@graph\":[{\"@type\":\"WebSite\",\"@id\":\"https:\/\/www.maisonducoussin.fr\/magazine\/#website\",\"url\":\"https:\/\/www.maisonducoussin.fr\/magazine\/\",\"name\":\"Magazine Maison du Coussin\",\"description\":\"Le coussin design et couture     &nbsp;\",\"potentialAction\":[{\"@type\":\"SearchAction\",\"target\":{\"@type\":\"EntryPoint\",\"urlTemplate\":\"https:\/\/www.maisonducoussin.fr\/magazine\/?s={search_term_string}\"},\"query-input\":\"required name=search_term_string\"}],\"inLanguage\":\"fr-FR\"},{\"@type\":\"ImageObject\",\"@id\":\"http:\/\/www.maisonducoussin.fr\/magazine\/comment-choisir-ses-coussins\/#primaryimage\",\"inLanguage\":\"fr-FR\",\"url\":\"http:\/\/www.maisonducoussin.fr\/magazine\/wp-content\/uploads\/2023\/11\/Coussins-deco-noir-et-dores.jpg\",\"contentUrl\":\"http:\/\/www.maisonducoussin.fr\/magazine\/wp-content\/uploads\/2023\/11\/Coussins-deco-noir-et-dores.jpg\",\"width\":2000,\"height\":1177},{\"@type\":\"WebPage\",\"@id\":\"http:\/\/www.maisonducoussin.fr\/magazine\/comment-choisir-ses-coussins\/#webpage\",\"url\":\"http:\/\/www.maisonducoussin.fr\/magazine\/comment-choisir-ses-coussins\/\",\"name\":\"Comment choisir ses coussins? - Magazine Maison du Coussin\",\"isPartOf\":{\"@id\":\"https:\/\/www.maisonducoussin.fr\/magazine\/#website\"},\"primaryImageOfPage\":{\"@id\":\"http:\/\/www.maisonducoussin.fr\/magazine\/comment-choisir-ses-coussins\/#primaryimage\"},\"datePublished\":\"2023-11-04T19:24:15+00:00\",\"dateModified\":\"2025-01-31T15:50:25+00:00\",\"author\":{\"@id\":\"https:\/\/www.maisonducoussin.fr\/magazine\/#\/schema\/person\/f49ac6b64851734da633d6d8d6f162dd\"},\"description\":\"Comment choisir ses coussins ? Suivez nos conseils pour vraiment personnaliser votre d\\u00e9coration int\\u00e9rieure avec des coussins.\",\"breadcrumb\":{\"@id\":\"http:\/\/www.maisonducoussin.fr\/magazine\/comment-choisir-ses-coussins\/#breadcrumb\"},\"inLanguage\":\"fr-FR\",\"potentialAction\":[{\"@type\":\"ReadAction\",\"target\":[\"http:\/\/www.maisonducoussin.fr\/magazine\/comment-choisir-ses-coussins\/\"]}]},{\"@type\":\"BreadcrumbList\",\"@id\":\"http:\/\/www.maisonducoussin.fr\/magazine\/comment-choisir-ses-coussins\/#breadcrumb\",\"itemListElement\":[{\"@type\":\"ListItem\",\"position\":1,\"name\":\"Accueil\",\"item\":\"https:\/\/www.maisonducoussin.fr\/magazine\/\"},{\"@type\":\"ListItem\",\"position\":2,\"name\":\"Comment choisir ses coussins?\"}]},{\"@type\":\"Person\",\"@id\":\"https:\/\/www.maisonducoussin.fr\/magazine\/#\/schema\/person\/f49ac6b64851734da633d6d8d6f162dd\",\"name\":\"Caroline\",\"image\":{\"@type\":\"ImageObject\",\"@id\":\"https:\/\/www.maisonducoussin.fr\/magazine\/#personlogo\",\"inLanguage\":\"fr-FR\",\"url\":\"http:\/\/0.gravatar.com\/avatar\/f4699940a7c514f6e47991be030f1a13?s=96&d=mm&r=g\",\"contentUrl\":\"http:\/\/0.gravatar.com\/avatar\/f4699940a7c514f6e47991be030f1a13?s=96&d=mm&r=g\",\"caption\":\"Caroline\"},\"url\":\"http:\/\/www.maisonducoussin.fr\/magazine\/author\/caroline\/\"}]}<\/script>\n<!-- \/ Yoast SEO plugin. -->","yoast_head_json":{"title":"Comment choisir ses coussins? - Magazine Maison du Coussin","description":"Comment choisir ses coussins ? Suivez nos conseils pour vraiment personnaliser votre d\u00e9coration int\u00e9rieure avec des coussins.","robots":{"index":"index","follow":"follow","max-snippet":"max-snippet:-1","max-image-preview":"max-image-preview:large","max-video-preview":"max-video-preview:-1"},"canonical":"http:\/\/www.maisonducoussin.fr\/magazine\/comment-choisir-ses-coussins\/","og_locale":"fr_FR","og_type":"article","og_title":"Comment choisir ses coussins? - Magazine Maison du Coussin","og_description":"Comment choisir ses coussins ? Suivez nos conseils pour vraiment personnaliser votre d\u00e9coration int\u00e9rieure avec des coussins.","og_url":"http:\/\/www.maisonducoussin.fr\/magazine\/comment-choisir-ses-coussins\/","og_site_name":"Magazine Maison du Coussin","article_published_time":"2023-11-04T19:24:15+00:00","article_modified_time":"2025-01-31T15:50:25+00:00","og_image":[{"width":2000,"height":1177,"filesize":1629292,"url":"http:\/\/www.maisonducoussin.fr\/magazine\/wp-content\/uploads\/2023\/11\/Coussins-deco-noir-et-dores.jpg","path":"\/home\/maisonducu\/www\/magazine\/wp-content\/uploads\/2023\/11\/Coussins-deco-noir-et-dores.jpg","size":"full","id":1746,"alt":"","pixels":2354000,"type":"image\/jpeg"}],"twitter_card":"summary","twitter_misc":{"\u00c9crit par":"Caroline","Dur\u00e9e de lecture est.":"7 minutes"},"schema":{"@context":"https:\/\/schema.org","@graph":[{"@type":"WebSite","@id":"https:\/\/www.maisonducoussin.fr\/magazine\/#website","url":"https:\/\/www.maisonducoussin.fr\/magazine\/","name":"Magazine Maison du Coussin","description":"Le coussin design et couture     &nbsp;","potentialAction":[{"@type":"SearchAction","target":{"@type":"EntryPoint","urlTemplate":"https:\/\/www.maisonducoussin.fr\/magazine\/?s={search_term_string}"},"query-input":"required name=search_term_string"}],"inLanguage":"fr-FR"},{"@type":"ImageObject","@id":"http:\/\/www.maisonducoussin.fr\/magazine\/comment-choisir-ses-coussins\/#primaryimage","inLanguage":"fr-FR","url":"http:\/\/www.maisonducoussin.fr\/magazine\/wp-content\/uploads\/2023\/11\/Coussins-deco-noir-et-dores.jpg","contentUrl":"http:\/\/www.maisonducoussin.fr\/magazine\/wp-content\/uploads\/2023\/11\/Coussins-deco-noir-et-dores.jpg","width":2000,"height":1177},{"@type":"WebPage","@id":"http:\/\/www.maisonducoussin.fr\/magazine\/comment-choisir-ses-coussins\/#webpage","url":"http:\/\/www.maisonducoussin.fr\/magazine\/comment-choisir-ses-coussins\/","name":"Comment choisir ses coussins? - Magazine Maison du Coussin","isPartOf":{"@id":"https:\/\/www.maisonducoussin.fr\/magazine\/#website"},"primaryImageOfPage":{"@id":"http:\/\/www.maisonducoussin.fr\/magazine\/comment-choisir-ses-coussins\/#primaryimage"},"datePublished":"2023-11-04T19:24:15+00:00","dateModified":"2025-01-31T15:50:25+00:00","author":{"@id":"https:\/\/www.maisonducoussin.fr\/magazine\/#\/schema\/person\/f49ac6b64851734da633d6d8d6f162dd"},"description":"Comment choisir ses coussins ? Suivez nos conseils pour vraiment personnaliser votre d\u00e9coration int\u00e9rieure avec des coussins.","breadcrumb":{"@id":"http:\/\/www.maisonducoussin.fr\/magazine\/comment-choisir-ses-coussins\/#breadcrumb"},"inLanguage":"fr-FR","potentialAction":[{"@type":"ReadAction","target":["http:\/\/www.maisonducoussin.fr\/magazine\/comment-choisir-ses-coussins\/"]}]},{"@type":"BreadcrumbList","@id":"http:\/\/www.maisonducoussin.fr\/magazine\/comment-choisir-ses-coussins\/#breadcrumb","itemListElement":[{"@type":"ListItem","position":1,"name":"Accueil","item":"https:\/\/www.maisonducoussin.fr\/magazine\/"},{"@type":"ListItem","position":2,"name":"Comment choisir ses coussins?"}]},{"@type":"Person","@id":"https:\/\/www.maisonducoussin.fr\/magazine\/#\/schema\/person\/f49ac6b64851734da633d6d8d6f162dd","name":"Caroline","image":{"@type":"ImageObject","@id":"https:\/\/www.maisonducoussin.fr\/magazine\/#personlogo","inLanguage":"fr-FR","url":"http:\/\/0.gravatar.com\/avatar\/f4699940a7c514f6e47991be030f1a13?s=96&d=mm&r=g","contentUrl":"http:\/\/0.gravatar.com\/avatar\/f4699940a7c514f6e47991be030f1a13?s=96&d=mm&r=g","caption":"Caroline"},"url":"http:\/\/www.maisonducoussin.fr\/magazine\/author\/caroline\/"}]}},"_links":{"self":[{"href":"http:\/\/www.maisonducoussin.fr\/magazine\/wp-json\/wp\/v2\/posts\/1736"}],"collection":[{"href":"http:\/\/www.maisonducoussin.fr\/magazine\/wp-json\/wp\/v2\/posts"}],"about":[{"href":"http:\/\/www.maisonducoussin.fr\/magazine\/wp-json\/wp\/v2\/types\/post"}],"author":[{"embeddable":true,"href":"http:\/\/www.maisonducoussin.fr\/magazine\/wp-json\/wp\/v2\/users\/2"}],"replies":[{"embeddable":true,"href":"http:\/\/www.maisonducoussin.fr\/magazine\/wp-json\/wp\/v2\/comments?post=1736"}],"version-history":[{"count":3,"href":"http:\/\/www.maisonducoussin.fr\/magazine\/wp-json\/wp\/v2\/posts\/1736\/revisions"}],"predecessor-version":[{"id":1933,"href":"http:\/\/www.maisonducoussin.fr\/magazine\/wp-json\/wp\/v2\/posts\/1736\/revisions\/1933"}],"wp:featuredmedia":[{"embeddable":true,"href":"http:\/\/www.maisonducoussin.fr\/magazine\/wp-json\/wp\/v2\/media\/1746"}],"wp:attachment":[{"href":"http:\/\/www.maisonducoussin.fr\/magazine\/wp-json\/wp\/v2\/media?parent=1736"}],"wp:term":[{"taxonomy":"category","embeddable":true,"href":"http:\/\/www.maisonducoussin.fr\/magazine\/wp-json\/wp\/v2\/categories?post=1736"},{"taxonomy":"post_tag","embeddable":true,"href":"http:\/\/www.maisonducoussin.fr\/magazine\/wp-json\/wp\/v2\/tags?post=1736"}],"curies":[{"name":"wp","href":"https:\/\/api.w.org\/{rel}","templated":true}]}}