{"id":1626,"date":"2025-11-17T17:33:00","date_gmt":"2025-11-17T16:33:00","guid":{"rendered":"http:\/\/www.maisonducoussin.fr\/magazine\/?p=1626"},"modified":"2025-11-17T19:46:44","modified_gmt":"2025-11-17T18:46:44","slug":"coussin-vert","status":"publish","type":"post","link":"http:\/\/www.maisonducoussin.fr\/magazine\/coussin-vert\/","title":{"rendered":"Le Coussin vert, l&rsquo;atout chic et intemporel de votre d\u00e9co"},"content":{"rendered":"\n<p>On le voit partout, mais jamais tout \u00e0 fait pareil :&nbsp;<strong>le vert est devenu une \u00e9vidence en d\u00e9coration<\/strong>.<br>Profond, sauge, vert de gris, bouteille, kaki, bleu p\u00e9trole ou encore vert vif assum\u00e9 : il s\u2019adapte \u00e0 toutes les ambiances et sublime n\u2019importe quel canap\u00e9.<\/p>\n\n\n\n<p>Bonne nouvelle :&nbsp;<strong>le coussin vert<\/strong>&nbsp;reste l\u2019option la plus \u00e9l\u00e9gante, la plus durable et la plus facile pour adopter cette couleur sans transformer enti\u00e8rement votre int\u00e9rieur.<\/p>\n\n\n\n<p>Bienvenue dans une version 2025 du vert :&nbsp;<strong>moins \u201cjungle\u201d, plus sophistiqu\u00e9<\/strong>, plus textur\u00e9, plus intemporel.<\/p>\n\n\n\n<!--more-->\n\n\n\n<h3>\ud83c\udf3f\u00a0<strong>Les verts doux : sauge, vert de gris, kaki clair \u2013 la nouvelle neutralit\u00e9<\/strong><\/h3>\n\n\n\n<p>Parmi les verts nouvelle g\u00e9n\u00e9ration, les&nbsp;<strong>verts adoucis<\/strong>&nbsp;(sauge, vert amande, vert de gris) cr\u00e9ent une atmosph\u00e8re sereine, naturelle et lumineuse.<br>Ils remplacent le beige et le gris dans de nombreux int\u00e9rieurs contemporains.<\/p>\n\n\n\n<p>Dans sa version velours c\u00f4tel\u00e9 fin ou large,&nbsp;<strong>le vert sauge<\/strong>&nbsp;apporte une touche contemporaine, encore plus \u00e9l\u00e9gante lorsqu\u2019il est associ\u00e9 \u00e0 :<\/p>\n\n\n\n<ul><li>des&nbsp;<strong>gris chauds<\/strong>,<\/li><li>des&nbsp;<strong>bouclettes ivoire<\/strong>,<\/li><li>ou des&nbsp;<strong>imprim\u00e9s l\u00e9gers<\/strong>&nbsp;aux motifs graphiques ou floraux.<\/li><\/ul>\n\n\n<div class=\"wp-block-image\">\n<figure class=\"aligncenter size-large is-resized\"><a href=\"http:\/\/www.maisonducoussin.fr\/magazine\/wp-content\/uploads\/2022\/10\/Coussin-vert-amande-velours-design.jpg\"><img loading=\"lazy\" src=\"http:\/\/www.maisonducoussin.fr\/magazine\/wp-content\/uploads\/2022\/10\/Coussin-vert-amande-velours-design-1024x1024.jpg\" alt=\"Coussins vert amande en velours c\u00f4tel\u00e9 et coussin imprim\u00e9 vert clair \u00e0 motif graphique sur canap\u00e9 gris.\" class=\"wp-image-2325\" width=\"529\" height=\"529\" srcset=\"http:\/\/www.maisonducoussin.fr\/magazine\/wp-content\/uploads\/2022\/10\/Coussin-vert-amande-velours-design-1024x1024.jpg 1024w, http:\/\/www.maisonducoussin.fr\/magazine\/wp-content\/uploads\/2022\/10\/Coussin-vert-amande-velours-design-300x300.jpg 300w, http:\/\/www.maisonducoussin.fr\/magazine\/wp-content\/uploads\/2022\/10\/Coussin-vert-amande-velours-design-150x150.jpg 150w, http:\/\/www.maisonducoussin.fr\/magazine\/wp-content\/uploads\/2022\/10\/Coussin-vert-amande-velours-design-768x768.jpg 768w, http:\/\/www.maisonducoussin.fr\/magazine\/wp-content\/uploads\/2022\/10\/Coussin-vert-amande-velours-design-450x450.jpg 450w, http:\/\/www.maisonducoussin.fr\/magazine\/wp-content\/uploads\/2022\/10\/Coussin-vert-amande-velours-design-700x700.jpg 700w, http:\/\/www.maisonducoussin.fr\/magazine\/wp-content\/uploads\/2022\/10\/Coussin-vert-amande-velours-design-80x80.jpg 80w, http:\/\/www.maisonducoussin.fr\/magazine\/wp-content\/uploads\/2022\/10\/Coussin-vert-amande-velours-design-260x260.jpg 260w, http:\/\/www.maisonducoussin.fr\/magazine\/wp-content\/uploads\/2022\/10\/Coussin-vert-amande-velours-design-50x50.jpg 50w, http:\/\/www.maisonducoussin.fr\/magazine\/wp-content\/uploads\/2022\/10\/Coussin-vert-amande-velours-design.jpg 1500w\" sizes=\"(max-width: 529px) 100vw, 529px\" \/><\/a><figcaption>Duo de coussins verts doux, m\u00ealant velours c\u00f4tel\u00e9 vert amande et motif graphique, pour une ambiance apaisante et contemporaine.<\/figcaption><\/figure><\/div>\n\n\n<p class=\"has-luminous-vivid-orange-color has-text-color\"> <em>\ud83d\udd17\u00a0Dans la composition ci-dessus:<\/em><\/p>\n\n\n\n<ul class=\"has-luminous-vivid-orange-color has-text-color\"><li><em>Notre coussin en velours c\u00f4tel\u00e9 vert de gris <a href=\"https:\/\/www.maisonducoussin.fr\/coussins-velours\/327-Coussin-velours-cotele-gris-vert-50x40\" target=\"_blank\" rel=\"noreferrer noopener\">Byen<\/a> (50&#215;40)<\/em><\/li><li><em>Notre coussin en lin graphique vert amande <a href=\"https:\/\/www.maisonducoussin.fr\/coussins-imprimes\/178-coussin-vert-clair-campagne\" target=\"_blank\" rel=\"noreferrer noopener\">Milly<\/a> (40&#215;40)<\/em><\/li><\/ul>\n\n\n<div class=\"wp-block-image\">\n<figure class=\"aligncenter size-large is-resized\"><a href=\"https:\/\/www.maisonducoussin.fr\/magazine\/wp-content\/uploads\/2025\/11\/Coussins-velours-satine-vert-jaune.jpg\"><img loading=\"lazy\" src=\"https:\/\/www.maisonducoussin.fr\/magazine\/wp-content\/uploads\/2025\/11\/Coussins-velours-satine-vert-jaune-1024x1024.jpg\" alt=\"Femme assise dans un salon vert vintage avec des coussins en velours satin\u00e9 jaune et vert sur canap\u00e9 cr\u00e8me.\" class=\"wp-image-2326\" width=\"612\" height=\"612\" srcset=\"http:\/\/www.maisonducoussin.fr\/magazine\/wp-content\/uploads\/2025\/11\/Coussins-velours-satine-vert-jaune.jpg 1024w, http:\/\/www.maisonducoussin.fr\/magazine\/wp-content\/uploads\/2025\/11\/Coussins-velours-satine-vert-jaune-300x300.jpg 300w, http:\/\/www.maisonducoussin.fr\/magazine\/wp-content\/uploads\/2025\/11\/Coussins-velours-satine-vert-jaune-150x150.jpg 150w, http:\/\/www.maisonducoussin.fr\/magazine\/wp-content\/uploads\/2025\/11\/Coussins-velours-satine-vert-jaune-768x768.jpg 768w, http:\/\/www.maisonducoussin.fr\/magazine\/wp-content\/uploads\/2025\/11\/Coussins-velours-satine-vert-jaune-450x450.jpg 450w, http:\/\/www.maisonducoussin.fr\/magazine\/wp-content\/uploads\/2025\/11\/Coussins-velours-satine-vert-jaune-700x700.jpg 700w, http:\/\/www.maisonducoussin.fr\/magazine\/wp-content\/uploads\/2025\/11\/Coussins-velours-satine-vert-jaune-80x80.jpg 80w, http:\/\/www.maisonducoussin.fr\/magazine\/wp-content\/uploads\/2025\/11\/Coussins-velours-satine-vert-jaune-260x260.jpg 260w, http:\/\/www.maisonducoussin.fr\/magazine\/wp-content\/uploads\/2025\/11\/Coussins-velours-satine-vert-jaune-50x50.jpg 50w\" sizes=\"(max-width: 612px) 100vw, 612px\" \/><\/a><figcaption>Ambiance vintage et lumineuse : des coussins en velours satin\u00e9 vert et jaune pour r\u00e9veiller un salon aux tons doux et naturels.<\/figcaption><\/figure><\/div>\n\n\n<p class=\"has-luminous-vivid-orange-color has-text-color\"><em>\ud83d\udd17\u00a0Sur ce canap\u00e9 cr\u00e8me,<\/em> retrouvez :<\/p>\n\n\n\n<ul class=\"has-luminous-vivid-orange-color has-text-color\"><li><em>Nos coussins en velours satin\u00e9 uni jaune vif, <a href=\"https:\/\/www.maisonducoussin.fr\/coussins-velours\/523-coussin-jaune-velours-brillant-40x40\" target=\"_blank\" rel=\"noreferrer noopener\">Venus<\/a> (40&#215;40), <a href=\"https:\/\/www.maisonducoussin.fr\/coussins-velours\/524-coussin-velours-vert-jaune-40x40\" target=\"_blank\" rel=\"noreferrer noopener\">Catherinette<\/a> (40&#215;40)<\/em><\/li><\/ul>\n\n\n<div class=\"wp-block-image\">\n<figure class=\"aligncenter size-large is-resized\"><a href=\"https:\/\/www.maisonducoussin.fr\/magazine\/wp-content\/uploads\/2025\/11\/Coussins-velours-gris-haut-de-gamme-1.png\"><img loading=\"lazy\" src=\"https:\/\/www.maisonducoussin.fr\/magazine\/wp-content\/uploads\/2025\/11\/Coussins-velours-gris-haut-de-gamme-1-1024x683.png\" alt=\"Salon chaleureux avec une femme assise sur un canap\u00e9 beige, d\u00e9cor\u00e9 de coussins verts, gris et imprim\u00e9s floraux dans une ambiance naturelle.\" class=\"wp-image-2327\" width=\"727\" height=\"485\" srcset=\"http:\/\/www.maisonducoussin.fr\/magazine\/wp-content\/uploads\/2025\/11\/Coussins-velours-gris-haut-de-gamme-1-1024x683.png 1024w, http:\/\/www.maisonducoussin.fr\/magazine\/wp-content\/uploads\/2025\/11\/Coussins-velours-gris-haut-de-gamme-1-300x200.png 300w, http:\/\/www.maisonducoussin.fr\/magazine\/wp-content\/uploads\/2025\/11\/Coussins-velours-gris-haut-de-gamme-1-768x512.png 768w, http:\/\/www.maisonducoussin.fr\/magazine\/wp-content\/uploads\/2025\/11\/Coussins-velours-gris-haut-de-gamme-1-700x467.png 700w, http:\/\/www.maisonducoussin.fr\/magazine\/wp-content\/uploads\/2025\/11\/Coussins-velours-gris-haut-de-gamme-1-266x177.png 266w, http:\/\/www.maisonducoussin.fr\/magazine\/wp-content\/uploads\/2025\/11\/Coussins-velours-gris-haut-de-gamme-1-260x173.png 260w, http:\/\/www.maisonducoussin.fr\/magazine\/wp-content\/uploads\/2025\/11\/Coussins-velours-gris-haut-de-gamme-1-75x50.png 75w, http:\/\/www.maisonducoussin.fr\/magazine\/wp-content\/uploads\/2025\/11\/Coussins-velours-gris-haut-de-gamme-1.png 1536w\" sizes=\"(max-width: 727px) 100vw, 727px\" \/><\/a><figcaption>Ambiance naturelle et apaisante : un m\u00e9lange de coussins verts, gris et floraux pour un salon chaleureux ouvert sur la campagne.<\/figcaption><\/figure><\/div>\n\n\n<p class=\"has-luminous-vivid-orange-color has-text-color\"><em>\ud83d\udd17\u00a0Sur ce canap\u00e9 beige,<\/em> <em>retrouvez :<\/em><\/p>\n\n\n\n<ul class=\"has-luminous-vivid-orange-color has-text-color\"><li><em>Nos coussins en velours c\u00f4tel\u00e9 vert de gris, <a href=\"https:\/\/www.maisonducoussin.fr\/coussins-velours\/327-Coussin-velours-cotele-gris-vert-50x40\" target=\"_blank\" rel=\"noreferrer noopener\">Byen<\/a> (50&#215;40) et gris souris, <a href=\"https:\/\/www.maisonducoussin.fr\/coussins-velours\/326-Coussin-gris-velours-cotele-50x40\" target=\"_blank\" rel=\"noreferrer noopener\">Aurland<\/a> (50&#215;40)<\/em><\/li><li><em>Nos coussins fleuris noirs, gris et blancs, <a href=\"https:\/\/www.maisonducoussin.fr\/coussins-imprimes\/474-coussin-velours-noir-blanc-50x40\" target=\"_blank\" rel=\"noreferrer noopener\">Espoo<\/a> (50&#215;40)<\/em><\/li><\/ul>\n\n\n\n<h3>\ud83c\udf3f\u00a0<strong>Les verts profonds : bouteille, bleu p\u00e9trole, kaki \u2013 l\u2019\u00e9l\u00e9gance \u00e0 la fran\u00e7aise<\/strong><\/h3>\n\n\n\n<p>Le vert profond est aujourd\u2019hui&nbsp;<strong>le nouveau noir<\/strong>&nbsp;: il structure la pi\u00e8ce tout en restant chaleureux.<\/p>\n\n\n\n<p>\u00c0 privil\u00e9gier en :<\/p>\n\n\n\n<ul><li><strong>velours c\u00f4tel\u00e9 large<\/strong>&nbsp;pour un effet couture,<\/li><li><strong>velours lisse satin\u00e9<\/strong>&nbsp;pour la sophistication,<\/li><li>ou&nbsp;<strong>motifs floraux<\/strong>&nbsp;dans des tonalit\u00e9s fum\u00e9es.<\/li><\/ul>\n\n\n\n<p>Il se marie parfaitement avec :<\/p>\n\n\n\n<ul><li>du\u00a0<strong>bleu marine<\/strong>\u00a0(ambiance masculine),<\/li><li>du\u00a0<strong>noir mat<\/strong>,<\/li><li>du\u00a0<strong>dor\u00e9<\/strong>,<\/li><li>ou du\u00a0<strong>moutarde profond<\/strong><\/li><\/ul>\n\n\n<div class=\"wp-block-image\">\n<figure class=\"aligncenter size-large is-resized\"><a href=\"http:\/\/www.maisonducoussin.fr\/magazine\/wp-content\/uploads\/2025\/11\/coussin-velours-noir-deco-homme.jpg\"><img loading=\"lazy\" src=\"http:\/\/www.maisonducoussin.fr\/magazine\/wp-content\/uploads\/2025\/11\/coussin-velours-noir-deco-homme-1024x683.jpg\" alt=\"Grand canap\u00e9 gris dans un salon parisien lumineux, d\u00e9cor\u00e9 de coussins en velours bleu marine, bleu p\u00e9trole, vert fonc\u00e9 et noir, cr\u00e9ant une ambiance \u00e9l\u00e9gante et contemporaine.\" class=\"wp-image-2291\" width=\"776\" height=\"517\" srcset=\"http:\/\/www.maisonducoussin.fr\/magazine\/wp-content\/uploads\/2025\/11\/coussin-velours-noir-deco-homme-1024x683.jpg 1024w, http:\/\/www.maisonducoussin.fr\/magazine\/wp-content\/uploads\/2025\/11\/coussin-velours-noir-deco-homme-300x200.jpg 300w, http:\/\/www.maisonducoussin.fr\/magazine\/wp-content\/uploads\/2025\/11\/coussin-velours-noir-deco-homme-768x512.jpg 768w, http:\/\/www.maisonducoussin.fr\/magazine\/wp-content\/uploads\/2025\/11\/coussin-velours-noir-deco-homme-700x467.jpg 700w, http:\/\/www.maisonducoussin.fr\/magazine\/wp-content\/uploads\/2025\/11\/coussin-velours-noir-deco-homme-266x177.jpg 266w, http:\/\/www.maisonducoussin.fr\/magazine\/wp-content\/uploads\/2025\/11\/coussin-velours-noir-deco-homme-260x173.jpg 260w, http:\/\/www.maisonducoussin.fr\/magazine\/wp-content\/uploads\/2025\/11\/coussin-velours-noir-deco-homme-75x50.jpg 75w, http:\/\/www.maisonducoussin.fr\/magazine\/wp-content\/uploads\/2025\/11\/coussin-velours-noir-deco-homme.jpg 1536w\" sizes=\"(max-width: 776px) 100vw, 776px\" \/><\/a><figcaption>Ambiance parisienne raffin\u00e9e : une harmonie de velours bleu marine, p\u00e9trole et vert fonc\u00e9 pour sublimer un canap\u00e9 gris dans un salon lumineux et sophistiqu\u00e9.<\/figcaption><\/figure><\/div>\n\n\n<p class=\"has-luminous-vivid-orange-color has-text-color\"><em>\ud83d\udd17\u00a0Sur ce canap\u00e9 gris, nous avons g\u00e9n\u00e9reusement dispos\u00e9<\/em> :<\/p>\n\n\n\n<ul class=\"has-luminous-vivid-orange-color has-text-color\"><li><em>Nos c<\/em>oussins <em>en velours c\u00f4tel\u00e9 vert kaki, <a href=\"https:\/\/www.maisonducoussin.fr\/coussins-velours\/334-coussin-velours-cotele-vert-kaki-50x40\" target=\"_blank\" rel=\"noreferrer noopener\">Haust<\/a> (50&#215;40), bleu cobalt, <a href=\"https:\/\/www.maisonducoussin.fr\/coussins-velours\/525-cousisn-velours-cotele-bleu-cobalt-50x40\" target=\"_blank\" rel=\"noreferrer noopener\">Bamse<\/a> (50&#215;40), bleu p\u00e9trole, <a href=\"https:\/\/www.maisonducoussin.fr\/coussins-velours\/526-coussin-velours-cotele-bleu-petrole-50x40\" target=\"_blank\" rel=\"noreferrer noopener\">Mumin<\/a> (50&#215;40), bleu marine, <a href=\"https:\/\/www.maisonducoussin.fr\/coussins-velours\/325-coussin-velours-cotele-bleu-marine-50x40\" target=\"_blank\" rel=\"noreferrer noopener\">Kiruna<\/a> (50&#215;40) et noirs, <a href=\"https:\/\/www.maisonducoussin.fr\/coussins-velours\/324-coussin-velours-cotele-noir-50x40\" target=\"_blank\" rel=\"noreferrer noopener\">Vadstena<\/a> (50&#215;40)<\/em><\/li><\/ul>\n\n\n<div class=\"wp-block-image\">\n<figure class=\"aligncenter size-large is-resized\"><a href=\"https:\/\/www.maisonducoussin.fr\/magazine\/wp-content\/uploads\/2025\/11\/Coussins-verts-sur-canape-gris.png\"><img loading=\"lazy\" src=\"https:\/\/www.maisonducoussin.fr\/magazine\/wp-content\/uploads\/2025\/11\/Coussins-verts-sur-canape-gris-1024x683.png\" alt=\"Coussins verts unis et imprim\u00e9s dispos\u00e9s sur un canap\u00e9 gris, m\u00e9lange de velours c\u00f4tel\u00e9, motifs v\u00e9g\u00e9taux et textures dor\u00e9es, cr\u00e9ant une ambiance naturelle et \u00e9l\u00e9gante dans un salon lumineux.\" class=\"wp-image-2328\" width=\"724\" height=\"483\" srcset=\"http:\/\/www.maisonducoussin.fr\/magazine\/wp-content\/uploads\/2025\/11\/Coussins-verts-sur-canape-gris-1024x683.png 1024w, http:\/\/www.maisonducoussin.fr\/magazine\/wp-content\/uploads\/2025\/11\/Coussins-verts-sur-canape-gris-300x200.png 300w, http:\/\/www.maisonducoussin.fr\/magazine\/wp-content\/uploads\/2025\/11\/Coussins-verts-sur-canape-gris-768x512.png 768w, http:\/\/www.maisonducoussin.fr\/magazine\/wp-content\/uploads\/2025\/11\/Coussins-verts-sur-canape-gris-700x467.png 700w, http:\/\/www.maisonducoussin.fr\/magazine\/wp-content\/uploads\/2025\/11\/Coussins-verts-sur-canape-gris-266x177.png 266w, http:\/\/www.maisonducoussin.fr\/magazine\/wp-content\/uploads\/2025\/11\/Coussins-verts-sur-canape-gris-260x173.png 260w, http:\/\/www.maisonducoussin.fr\/magazine\/wp-content\/uploads\/2025\/11\/Coussins-verts-sur-canape-gris-75x50.png 75w, http:\/\/www.maisonducoussin.fr\/magazine\/wp-content\/uploads\/2025\/11\/Coussins-verts-sur-canape-gris.png 1536w\" sizes=\"(max-width: 724px) 100vw, 724px\" \/><\/a><figcaption>Sophistication naturelle : un canap\u00e9 gris sublim\u00e9 par un m\u00e9lange de coussins verts \u2014 velours, imprim\u00e9s et dor\u00e9s \u2014 pour une d\u00e9coration fra\u00eeche, chic et pleine de caract\u00e8re.<\/figcaption><\/figure><\/div>\n\n\n<p class=\"has-luminous-vivid-orange-color has-text-color\"><em>\ud83d\udd17\u00a0Autre version de coussins verts sur un canap\u00e9 gris<\/em> :<\/p>\n\n\n\n<ul class=\"has-luminous-vivid-orange-color has-text-color\"><li><em>Nos coussins \u00e0 motifs <a href=\"https:\/\/www.maisonducoussin.fr\/coussins-imprimes\/500-gros-coussin-vert-bkeu-50x50\" target=\"_blank\" rel=\"noreferrer noopener\">Ciclon <\/a>(50&#215;50), <a href=\"https:\/\/www.maisonducoussin.fr\/coussins-imprimes\/503-coussin-vert-bleu-original-rectangulaire-50x40\" target=\"_blank\" rel=\"noreferrer noopener\">Nuku<\/a> (50&#215;40), <a href=\"https:\/\/www.maisonducoussin.fr\/coussins-imprimes\/505-coussin-vert-motifs-geometriques-40x40\" target=\"_blank\" rel=\"noreferrer noopener\">Caracal<\/a> (40&#215;40)<\/em><\/li><li><em>Notre coussin luxe <a href=\"https:\/\/www.maisonducoussin.fr\/coussins-luxe\/478-coussin-vert-dore-luxe-40x40\" target=\"_blank\" rel=\"noreferrer noopener\">Topeka<\/a> (40&#215;40)<\/em><\/li><li><em>Notre coussin en velours c\u00f4tel\u00e9 large <a href=\"https:\/\/www.maisonducoussin.fr\/coussins-velours\/462-coussin-vert-velours-cotele-50x40\" target=\"_blank\" rel=\"noreferrer noopener\">Emeraude<\/a> (50&#215;40)<\/em><\/li><\/ul>\n\n\n\n<h3>\ud83c\udf3f<strong> Le vert vif : l\u2019accent moderne qui r\u00e9veille la d\u00e9co<\/strong><\/h3>\n\n\n\n<p>Le&nbsp;<strong>vert intense<\/strong>, franc, lumineux, est devenu un v\u00e9ritable&nbsp;<strong>marqueur d\u00e9coratif<\/strong>.<br>Il ne vient pas pour dominer mais pour&nbsp;<strong>r\u00e9v\u00e9ler les autres couleurs<\/strong>.<\/p>\n\n\n\n<p>Particuli\u00e8rement int\u00e9ressant lorsqu\u2019il est plac\u00e9 :<\/p>\n\n\n\n<ul><li>\u00e0 c\u00f4t\u00e9 d\u2019un coussin\u00a0<strong>cuivr\u00e9 m\u00e9tallis\u00e9<\/strong>,<\/li><li>avec des\u00a0<strong>imprim\u00e9s floraux<\/strong>,<\/li><li>ou sur un canap\u00e9 cuir cognac, o\u00f9 il devient spectaculaire.<\/li><\/ul>\n\n\n<div class=\"wp-block-image\">\n<figure class=\"aligncenter size-large is-resized\"><a href=\"https:\/\/www.maisonducoussin.fr\/magazine\/wp-content\/uploads\/2025\/11\/Coussin-velours-vert-haut-de-gamme.jpg\"><img loading=\"lazy\" src=\"https:\/\/www.maisonducoussin.fr\/magazine\/wp-content\/uploads\/2025\/11\/Coussin-velours-vert-haut-de-gamme-1024x683.jpg\" alt=\"Coussins d\u00e9coratifs sur canap\u00e9 en cuir marron : coussin vert en velours c\u00f4tel\u00e9, coussin terracotta textur\u00e9 et coussin rectangulaire \u00e0 motif floral color\u00e9.\" class=\"wp-image-2331\" width=\"704\" height=\"469\" srcset=\"http:\/\/www.maisonducoussin.fr\/magazine\/wp-content\/uploads\/2025\/11\/Coussin-velours-vert-haut-de-gamme-1024x683.jpg 1024w, http:\/\/www.maisonducoussin.fr\/magazine\/wp-content\/uploads\/2025\/11\/Coussin-velours-vert-haut-de-gamme-300x200.jpg 300w, http:\/\/www.maisonducoussin.fr\/magazine\/wp-content\/uploads\/2025\/11\/Coussin-velours-vert-haut-de-gamme-768x512.jpg 768w, http:\/\/www.maisonducoussin.fr\/magazine\/wp-content\/uploads\/2025\/11\/Coussin-velours-vert-haut-de-gamme-700x467.jpg 700w, http:\/\/www.maisonducoussin.fr\/magazine\/wp-content\/uploads\/2025\/11\/Coussin-velours-vert-haut-de-gamme-266x177.jpg 266w, http:\/\/www.maisonducoussin.fr\/magazine\/wp-content\/uploads\/2025\/11\/Coussin-velours-vert-haut-de-gamme-260x173.jpg 260w, http:\/\/www.maisonducoussin.fr\/magazine\/wp-content\/uploads\/2025\/11\/Coussin-velours-vert-haut-de-gamme-75x50.jpg 75w, http:\/\/www.maisonducoussin.fr\/magazine\/wp-content\/uploads\/2025\/11\/Coussin-velours-vert-haut-de-gamme.jpg 1500w\" sizes=\"(max-width: 704px) 100vw, 704px\" \/><\/a><figcaption>Un trio chaleureux et \u00e9l\u00e9gant : floral, terracotta et velours vert pour r\u00e9veiller un canap\u00e9 en cuir marron avec style et caract\u00e8re.<\/figcaption><\/figure><\/div>\n\n\n<p class=\"has-luminous-vivid-orange-color has-text-color\"><em>\ud83d\udd17\u00a0Sur cette composition :<\/em><\/p>\n\n\n\n<ul class=\"has-luminous-vivid-orange-color has-text-color\"><li><em>Notre coussin en velours c\u00f4tel\u00e9 large <a href=\"https:\/\/www.maisonducoussin.fr\/coussins-velours\/462-coussin-vert-velours-cotele-50x40\" target=\"_blank\" rel=\"noreferrer noopener\">Emeraude<\/a> (50&#215;40)<\/em><\/li><li><em>Notre coussin cuivre m\u00e9tallis\u00e9 <a href=\"https:\/\/www.maisonducoussin.fr\/coussins-luxe\/520-coussin-luxe-cuivre-50x40\" target=\"_blank\" rel=\"noreferrer noopener\">Vend\u00f4me<\/a> (50&#215;40)<\/em><\/li><li><em>Noter coussin fleuri corail <a href=\"https:\/\/www.maisonducoussin.fr\/coussins-imprimes\/457-coussin-corail-fleurs-40x30\" target=\"_blank\" rel=\"noreferrer noopener\">Monkey Mia<\/a> (40&#215;30)<\/em><\/li><\/ul>\n\n\n<div class=\"wp-block-image\">\n<figure class=\"aligncenter size-large is-resized\"><a href=\"https:\/\/www.maisonducoussin.fr\/magazine\/wp-content\/uploads\/2025\/11\/Coussins-en-laine-bleus-luxe.jpg\"><img loading=\"lazy\" src=\"https:\/\/www.maisonducoussin.fr\/magazine\/wp-content\/uploads\/2025\/11\/Coussins-en-laine-bleus-luxe-683x1024.jpg\" alt=\"Coussins bleus en velours c\u00f4tel\u00e9 et coussin en laine grise sur canap\u00e9 gris, dans un salon lumineux parisien avec table basse en verre et fleurs color\u00e9es.\" class=\"wp-image-2332\" width=\"500\" height=\"750\" srcset=\"http:\/\/www.maisonducoussin.fr\/magazine\/wp-content\/uploads\/2025\/11\/Coussins-en-laine-bleus-luxe-683x1024.jpg 683w, http:\/\/www.maisonducoussin.fr\/magazine\/wp-content\/uploads\/2025\/11\/Coussins-en-laine-bleus-luxe-200x300.jpg 200w, http:\/\/www.maisonducoussin.fr\/magazine\/wp-content\/uploads\/2025\/11\/Coussins-en-laine-bleus-luxe-768x1152.jpg 768w, http:\/\/www.maisonducoussin.fr\/magazine\/wp-content\/uploads\/2025\/11\/Coussins-en-laine-bleus-luxe-700x1050.jpg 700w, http:\/\/www.maisonducoussin.fr\/magazine\/wp-content\/uploads\/2025\/11\/Coussins-en-laine-bleus-luxe-260x390.jpg 260w, http:\/\/www.maisonducoussin.fr\/magazine\/wp-content\/uploads\/2025\/11\/Coussins-en-laine-bleus-luxe-33x50.jpg 33w, http:\/\/www.maisonducoussin.fr\/magazine\/wp-content\/uploads\/2025\/11\/Coussins-en-laine-bleus-luxe.jpg 1024w\" sizes=\"(max-width: 500px) 100vw, 500px\" \/><\/a><figcaption>Vert bleu et laine textur\u00e9e : une harmonie \u00e9l\u00e9gante pour illuminer un salon parisien baign\u00e9 de lumi\u00e8re.<\/figcaption><\/figure><\/div>\n\n\n<p class=\"has-luminous-vivid-orange-color has-text-color\"><em>\ud83d\udd17&nbsp;Sur cette composition :<\/em><\/p>\n\n\n\n<ul class=\"has-luminous-vivid-orange-color has-text-color\"><li><em>Nos coussins en velours c\u00f4tel\u00e9 vert bleu <a href=\"https:\/\/www.maisonducoussin.fr\/coussins-velours\/525-cousisn-velours-cotele-bleu-cobalt-50x40\" target=\"_blank\" rel=\"noreferrer noopener\">Bamse<\/a> (50&#215;40) et <a href=\"https:\/\/www.maisonducoussin.fr\/coussins-velours\/526-coussin-velours-cotele-bleu-petrole-50x40\" target=\"_blank\" rel=\"noreferrer noopener\">Mumin<\/a> (50&#215;40)<\/em><\/li><li><em>Notre coussin en pure laine m\u00e9rinos tricot\u00e9 \u00e0 la main, Shakespeare (40&#215;30)<\/em><\/li><\/ul>\n\n\n\n<p>Deux options id\u00e9ales pour cr\u00e9er un point focal sur un canap\u00e9 neutre.<\/p>\n\n\n\n<h3>\ud83c\udf3f\u00a0<strong>Les imprim\u00e9s : floraux, abstraits, graphiques \u2013 la touche expressive<\/strong><\/h3>\n\n\n\n<p>Les imprim\u00e9s verts actuels s\u2019\u00e9loignent du \u201cjungle\u201d tropical.<br>Ils s\u2019inspirent d\u00e9sormais de :<\/p>\n\n\n\n<ul><li><strong>motifs floraux picturaux<\/strong>&nbsp;dans des tons sourds,<\/li><li><strong>dessins graphiques abstraits<\/strong>,<\/li><li><strong>textures laineuses<\/strong>,<\/li><li><strong>formes japonisantes<\/strong>.<\/li><\/ul>\n\n\n\n<p>Ils apportent du relief dans une d\u00e9co sobre ou minimaliste.<\/p>\n\n\n<div class=\"wp-block-image\">\n<figure class=\"aligncenter size-large is-resized\"><a href=\"https:\/\/www.maisonducoussin.fr\/magazine\/wp-content\/uploads\/2025\/11\/Coussin-ecossais-bleu-et-vert.jpg\"><img loading=\"lazy\" src=\"https:\/\/www.maisonducoussin.fr\/magazine\/wp-content\/uploads\/2025\/11\/Coussin-ecossais-bleu-et-vert-1024x970.jpg\" alt=\"Coussin \u00e9cossais bleu et vert avec franges, pos\u00e9 sur un canap\u00e9 beige entour\u00e9 de coussins en laine et textures graphiques.\" class=\"wp-image-2336\" width=\"554\" height=\"524\" srcset=\"http:\/\/www.maisonducoussin.fr\/magazine\/wp-content\/uploads\/2025\/11\/Coussin-ecossais-bleu-et-vert-1024x970.jpg 1024w, http:\/\/www.maisonducoussin.fr\/magazine\/wp-content\/uploads\/2025\/11\/Coussin-ecossais-bleu-et-vert-300x284.jpg 300w, http:\/\/www.maisonducoussin.fr\/magazine\/wp-content\/uploads\/2025\/11\/Coussin-ecossais-bleu-et-vert-768x728.jpg 768w, http:\/\/www.maisonducoussin.fr\/magazine\/wp-content\/uploads\/2025\/11\/Coussin-ecossais-bleu-et-vert-700x663.jpg 700w, http:\/\/www.maisonducoussin.fr\/magazine\/wp-content\/uploads\/2025\/11\/Coussin-ecossais-bleu-et-vert-260x246.jpg 260w, http:\/\/www.maisonducoussin.fr\/magazine\/wp-content\/uploads\/2025\/11\/Coussin-ecossais-bleu-et-vert-53x50.jpg 53w, http:\/\/www.maisonducoussin.fr\/magazine\/wp-content\/uploads\/2025\/11\/Coussin-ecossais-bleu-et-vert.jpg 1500w\" sizes=\"(max-width: 554px) 100vw, 554px\" \/><\/a><figcaption>M\u00e9lange de textures et charme \u00e9cossais : un coussin bleu-vert \u00e0 franges qui r\u00e9chauffe instantan\u00e9ment l\u2019ambiance du salon.<\/figcaption><\/figure><\/div>\n\n\n<p class=\"has-luminous-vivid-orange-color has-text-color\"><em>\ud83d\udd17\u00a0Ci-dessus :<\/em><\/p>\n\n\n\n<ul class=\"has-luminous-vivid-orange-color has-text-color\"><li><em>Notre coussin \u00e9cossais en cachemire (pi\u00e8ce unique) <a href=\"https:\/\/www.maisonducoussin.fr\/coussins-ecossais\/398-coussin-gris-vert-ecossais-45x45\" target=\"_blank\" rel=\"noreferrer noopener\">Kenny<\/a> (45&#215;45)<\/em><\/li><li><em>Nos coussins en bouclette grise, <a href=\"https:\/\/www.maisonducoussin.fr\/coussins-laine\/417-coussin-gris-laine-bouclee-40x40\" target=\"_blank\" rel=\"noreferrer noopener\">Lacaune<\/a> (40&#215;40) et <a href=\"https:\/\/www.maisonducoussin.fr\/coussins-laine\/407-coussin-gris-bouclette-rectangulaire-50x40\" target=\"_blank\" rel=\"noreferrer noopener\">Huia<\/a> (50&#215;40)<\/em><\/li><li><em>Notre coussin en velours c\u00f4tel\u00e9 gris clair <a href=\"https:\/\/www.maisonducoussin.fr\/coussins-velours\/322-coussin-velours-cotele-gris-clair-50x40\" target=\"_blank\" rel=\"noreferrer noopener\">Shamn<\/a> (50&#215;40)<\/em><\/li><\/ul>\n\n\n\n<h3>\ud83c\udf3f\u00a0<strong>Les mati\u00e8res : le velours, la bouclette, la laine, le m\u00e9lange parfait<\/strong><\/h3>\n\n\n\n<p>Le secret d\u2019une composition r\u00e9ussie ?<br><strong>Multiplier les textures<\/strong>, m\u00eame dans la m\u00eame couleur.<\/p>\n\n\n\n<h4>\ud83d\udd38 Velours c\u00f4tel\u00e9<\/h4>\n\n\n\n<p>Le best-seller Maison du Coussin : moderne, structur\u00e9, lumineux.<\/p>\n\n\n\n<h4>\ud83d\udd38 Velours satin\u00e9<\/h4>\n\n\n\n<p>Parfait pour les ambiances luxueuses (vert kaki, vert vif, bleu p\u00e9trole).<\/p>\n\n\n\n<h4>\ud83d\udd38 Bouclette<\/h4>\n\n\n\n<p>Adoucit les compositions vertes, apporte chaleur et \u00e9paisseur.<\/p>\n\n\n\n<h4>\ud83d\udd38 Laine<\/h4>\n\n\n\n<p>Id\u00e9al pour les saisons froides ou les ambiances chalet \/ montagne.<\/p>\n\n\n\n<h3>\ud83c\udf3f\u00a0<strong>Comment bien assortir vos coussins verts ?<\/strong><\/h3>\n\n\n\n<p>Voici vos&nbsp;<strong>associations 2025<\/strong>&nbsp;:<\/p>\n\n\n\n<h4>\u2714 Vert sauge + gris + bouclette<\/h4>\n\n\n\n<p>Ambiance lumineuse, moderne et apaisante.<\/p>\n\n\n\n<h4>\u2714 Vert bouteille + marine + noir<\/h4>\n\n\n\n<p>Ambiance masculine, graphique, tr\u00e8s contemporaine.<\/p>\n\n\n\n<h4>\u2714 Vert kaki + dor\u00e9 + ocre<\/h4>\n\n\n\n<p>Ambiance chaleureuse, l\u00e9g\u00e8rement vintage, tr\u00e8s raffin\u00e9e.<\/p>\n\n\n\n<h4>\u2714 Vert vif + cuivre + fleurs<\/h4>\n\n\n\n<p>Ambiance expressive, artistique, ultra styl\u00e9e.<\/p>\n\n\n\n<h4>\u2714 Vert de gris + beige + bois clair<\/h4>\n\n\n\n<p>Ambiance douce et scandinave, parfaite pour les int\u00e9rieurs naturels.<\/p>\n\n\n\n<h3>\ud83d\udd27&nbsp;<strong>Le vert sur-mesure : quand vos projets prennent exactement la forme que vous imaginez<\/strong><\/h3>\n\n\n\n<p>Le vert n\u2019est pas r\u00e9serv\u00e9 aux coussins vendus en boutique : il devient aussi la couleur de vos projets&nbsp;<strong>sur-mesure<\/strong>, con\u00e7us au centim\u00e8tre pr\u00e8s dans nos ateliers fran\u00e7ais.<\/p>\n\n\n\n<p>Nous r\u00e9alisons pour vous :<br>\u2022 des&nbsp;<strong>banquettes compl\u00e8tes<\/strong><br>\u2022 des&nbsp;<strong>assises pour meubles<\/strong><br>\u2022 des&nbsp;<strong>coussins de dossier<\/strong><br>\u2022 des&nbsp;<strong>si\u00e8ges sur-mesure pour salle \u00e0 manger, entr\u00e9e, v\u00e9randa, cuisine<\/strong><\/p>\n\n\n\n<p>Le tout dans la nuance, la mati\u00e8re et la texture de votre choix.<\/p>\n\n\n\n<p>Exemples r\u00e9cents :<\/p>\n\n\n\n<h4>\ud83d\udc9a Banquette en velours vert kaki<\/h4>\n\n\n\n<p>Une banquette de salle \u00e0 manger r\u00e9alis\u00e9e en velours vert kaki, associ\u00e9e \u00e0 des coussins imprim\u00e9s bleu p\u00e9trole. Une harmonie douce et tr\u00e8s contemporaine.<br><\/p>\n\n\n<div class=\"wp-block-image\">\n<figure class=\"aligncenter size-large is-resized\"><a href=\"https:\/\/www.maisonducoussin.fr\/magazine\/wp-content\/uploads\/2025\/11\/Coussin-pour-banquette-velours-vert.jpg\"><img loading=\"lazy\" src=\"https:\/\/www.maisonducoussin.fr\/magazine\/wp-content\/uploads\/2025\/11\/Coussin-pour-banquette-velours-vert-768x1024.jpg\" alt=\"Banquette sur mesure en velours vert avec dossiers hauts, d\u00e9cor\u00e9e de coussins imprim\u00e9s color\u00e9s dans une salle \u00e0 manger moderne.\" class=\"wp-image-2339\" width=\"534\" height=\"712\" srcset=\"http:\/\/www.maisonducoussin.fr\/magazine\/wp-content\/uploads\/2025\/11\/Coussin-pour-banquette-velours-vert-768x1024.jpg 768w, http:\/\/www.maisonducoussin.fr\/magazine\/wp-content\/uploads\/2025\/11\/Coussin-pour-banquette-velours-vert-225x300.jpg 225w, http:\/\/www.maisonducoussin.fr\/magazine\/wp-content\/uploads\/2025\/11\/Coussin-pour-banquette-velours-vert-1152x1536.jpg 1152w, http:\/\/www.maisonducoussin.fr\/magazine\/wp-content\/uploads\/2025\/11\/Coussin-pour-banquette-velours-vert-700x933.jpg 700w, http:\/\/www.maisonducoussin.fr\/magazine\/wp-content\/uploads\/2025\/11\/Coussin-pour-banquette-velours-vert-260x347.jpg 260w, http:\/\/www.maisonducoussin.fr\/magazine\/wp-content\/uploads\/2025\/11\/Coussin-pour-banquette-velours-vert-38x50.jpg 38w, http:\/\/www.maisonducoussin.fr\/magazine\/wp-content\/uploads\/2025\/11\/Coussin-pour-banquette-velours-vert.jpg 1512w\" sizes=\"(max-width: 534px) 100vw, 534px\" \/><\/a><\/figure><\/div>\n\n\n<h4>\ud83d\udc9a Coussin d\u2019assise vert vif pour meuble d\u2019entr\u00e9e<\/h4>\n\n\n\n<p>Un coussin sur-mesure vert franc install\u00e9 sur un meuble en ch\u00eane stri\u00e9 : un choix audacieux qui modernise instantan\u00e9ment l\u2019espace.<br><\/p>\n\n\n<div class=\"wp-block-image\">\n<figure class=\"aligncenter size-large is-resized\"><a href=\"https:\/\/www.maisonducoussin.fr\/magazine\/wp-content\/uploads\/2025\/11\/Coussin-vert-sur-mesure-pour-entree.jpg\"><img loading=\"lazy\" src=\"https:\/\/www.maisonducoussin.fr\/magazine\/wp-content\/uploads\/2025\/11\/Coussin-vert-sur-mesure-pour-entree-1024x1024.jpg\" alt=\"Coussin d\u2019assise sur mesure vert vif pos\u00e9 sur un meuble en bois \u00e0 fa\u00e7ade rainur\u00e9e, con\u00e7u pour une entr\u00e9e ou un coin lecture.\" class=\"wp-image-2340\" width=\"576\" height=\"576\" srcset=\"http:\/\/www.maisonducoussin.fr\/magazine\/wp-content\/uploads\/2025\/11\/Coussin-vert-sur-mesure-pour-entree-1024x1024.jpg 1024w, http:\/\/www.maisonducoussin.fr\/magazine\/wp-content\/uploads\/2025\/11\/Coussin-vert-sur-mesure-pour-entree-300x300.jpg 300w, http:\/\/www.maisonducoussin.fr\/magazine\/wp-content\/uploads\/2025\/11\/Coussin-vert-sur-mesure-pour-entree-150x150.jpg 150w, http:\/\/www.maisonducoussin.fr\/magazine\/wp-content\/uploads\/2025\/11\/Coussin-vert-sur-mesure-pour-entree-768x768.jpg 768w, http:\/\/www.maisonducoussin.fr\/magazine\/wp-content\/uploads\/2025\/11\/Coussin-vert-sur-mesure-pour-entree-450x450.jpg 450w, http:\/\/www.maisonducoussin.fr\/magazine\/wp-content\/uploads\/2025\/11\/Coussin-vert-sur-mesure-pour-entree-700x700.jpg 700w, http:\/\/www.maisonducoussin.fr\/magazine\/wp-content\/uploads\/2025\/11\/Coussin-vert-sur-mesure-pour-entree-80x80.jpg 80w, http:\/\/www.maisonducoussin.fr\/magazine\/wp-content\/uploads\/2025\/11\/Coussin-vert-sur-mesure-pour-entree-260x260.jpg 260w, http:\/\/www.maisonducoussin.fr\/magazine\/wp-content\/uploads\/2025\/11\/Coussin-vert-sur-mesure-pour-entree-50x50.jpg 50w, http:\/\/www.maisonducoussin.fr\/magazine\/wp-content\/uploads\/2025\/11\/Coussin-vert-sur-mesure-pour-entree.jpg 1500w\" sizes=\"(max-width: 576px) 100vw, 576px\" \/><\/a><\/figure><\/div>\n\n\n<h5>Chaque projet est r\u00e9alis\u00e9 avec :<br>\u2022 plusieurs densit\u00e9s au choix<br>\u2022 un choix strict de mati\u00e8res nobles : velours c\u00f4tel\u00e9, satin\u00e9, laine, tiss\u00e9, bouclette<br>\u2022 une fabrication 100 % fran\u00e7aise<\/h5>\n\n\n\n<hr class=\"wp-block-separator has-alpha-channel-opacity\"\/>\n\n\n\n<h3>\ud83d\udecb\ufe0f&nbsp;<strong>Conclusion : pourquoi le coussin vert est devenu un indispensable<\/strong><\/h3>\n\n\n\n<p>Parce qu\u2019il combine&nbsp;<strong>nature, \u00e9l\u00e9gance, profondeur et modernit\u00e9<\/strong>.<br>Parce qu\u2019il se m\u00e9lange \u00e0 toutes les familles de couleurs.<br>Parce qu\u2019il \u00e9volue vers des nuances plus sophistiqu\u00e9es, loin des codes trop exotiques.<\/p>\n\n\n\n<p>Et surtout :<br>\ud83d\udc49\u00a0<strong>Parce qu\u2019il transforme un canap\u00e9, une entr\u00e9e ou une chambre en un espace pens\u00e9, raffin\u00e9, contemporain.<\/strong><\/p>\n\n\n\n<h3>\ud83d\udd38 <strong>Pour aller plus loin\u2026<\/strong><\/h3>\n\n\n\n<p>\ud83d\udc49 D\u00e9couvrez aussi :<\/p>\n\n\n\n<ul><li><a href=\"https:\/\/www.maisonducoussin.fr\/magazine\/coussin-terracotta\/\"><strong>Coussins terracotta : chaleur et caract\u00e8re <\/strong><\/a><a href=\"https:\/\/www.maisonducoussin.fr\/magazine\/coussin-terracotta\/\"><strong>: <\/strong>Soyez au coeur de la tendance<\/a><\/li><li><a href=\"https:\/\/www.maisonducoussin.fr\/magazine\/conseil-deco-coussins-pour-un-canape-gris\/\"><strong>Quels coussins pour un canap\u00e9 gris ?<\/strong><\/a> Inspirez-vous pour habiller votre canap\u00e9 gris<\/li><li><a href=\"https:\/\/www.maisonducoussin.fr\/magazine\/coussin-sur-mesure-realisations-et-inspirations-maison-du-coussin\/\"><strong>Coussin sur mesure, nos derni\u00e8res r\u00e9alisations : <\/strong><\/a>les derniers projets sur mesure que Particuliers, Architectes et Entreprises nous ont confi\u00e9s<\/li><\/ul>\n","protected":false},"excerpt":{"rendered":"<p>On le voit partout, mais jamais tout \u00e0 fait pareil :&nbsp;le vert est devenu une \u00e9vidence en d\u00e9coration.Profond, sauge, vert de gris, bouteille, kaki, bleu p\u00e9trole ou encore vert vif assum\u00e9 : il s\u2019adapte \u00e0 toutes les ambiances et sublime n\u2019importe quel canap\u00e9. Bonne nouvelle :&nbsp;le coussin vert&nbsp;reste l\u2019option la plus \u00e9l\u00e9gante, la plus durable [&hellip;]<\/p>\n","protected":false},"author":2,"featured_media":2348,"comment_status":"open","ping_status":"open","sticky":false,"template":"","format":"standard","meta":[],"categories":[4],"tags":[],"yoast_head":"<!-- This site is optimized with the Yoast SEO plugin v16.7 - https:\/\/yoast.com\/wordpress\/plugins\/seo\/ -->\n<title>Le Coussin vert, l&#039;atout chic et intemporel de votre d\u00e9co - Magazine Maison du Coussin<\/title>\n<meta name=\"description\" content=\"Le coussin vert est un accessoire \u00e0 la forte personnalit\u00e9, il fera de votre salon, de votre entr\u00e9e ou de votre chambre, une ode \u00e0 l&#039;\u00e9vasion, \u00e0 la douceur ou \u00e0 la culture pop.\" \/>\n<meta name=\"robots\" content=\"index, follow, max-snippet:-1, max-image-preview:large, max-video-preview:-1\" \/>\n<link rel=\"canonical\" href=\"https:\/\/www.maisonducoussin.fr\/magazine\/coussin-vert\/\" \/>\n<meta property=\"og:locale\" content=\"fr_FR\" \/>\n<meta property=\"og:type\" content=\"article\" \/>\n<meta property=\"og:title\" content=\"Le Coussin vert, l&#039;atout chic et intemporel de votre d\u00e9co - Magazine Maison du Coussin\" \/>\n<meta property=\"og:description\" content=\"Le coussin vert est un accessoire \u00e0 la forte personnalit\u00e9, il fera de votre salon, de votre entr\u00e9e ou de votre chambre, une ode \u00e0 l&#039;\u00e9vasion, \u00e0 la douceur ou \u00e0 la culture pop.\" \/>\n<meta property=\"og:url\" content=\"https:\/\/www.maisonducoussin.fr\/magazine\/coussin-vert\/\" \/>\n<meta property=\"og:site_name\" content=\"Magazine Maison du Coussin\" \/>\n<meta property=\"article:published_time\" content=\"2025-11-17T16:33:00+00:00\" \/>\n<meta property=\"article:modified_time\" content=\"2025-11-17T18:46:44+00:00\" \/>\n<meta property=\"og:image\" content=\"http:\/\/www.maisonducoussin.fr\/magazine\/wp-content\/uploads\/2022\/10\/Coussins-verts-tendance-1024x1024.jpg\" \/>\n\t<meta property=\"og:image:width\" content=\"1024\" \/>\n\t<meta property=\"og:image:height\" content=\"1024\" \/>\n<meta name=\"twitter:card\" content=\"summary\" \/>\n<meta name=\"twitter:label1\" content=\"\u00c9crit par\" \/>\n\t<meta name=\"twitter:data1\" content=\"Caroline\" \/>\n\t<meta name=\"twitter:label2\" content=\"Dur\u00e9e de lecture est.\" \/>\n\t<meta name=\"twitter:data2\" content=\"8 minutes\" \/>\n<script type=\"application\/ld+json\" class=\"yoast-schema-graph\">{\"@context\":\"https:\/\/schema.org\",\"@graph\":[{\"@type\":\"WebSite\",\"@id\":\"https:\/\/www.maisonducoussin.fr\/magazine\/#website\",\"url\":\"https:\/\/www.maisonducoussin.fr\/magazine\/\",\"name\":\"Magazine Maison du Coussin\",\"description\":\"Le coussin design et couture     &nbsp;\",\"potentialAction\":[{\"@type\":\"SearchAction\",\"target\":{\"@type\":\"EntryPoint\",\"urlTemplate\":\"https:\/\/www.maisonducoussin.fr\/magazine\/?s={search_term_string}\"},\"query-input\":\"required name=search_term_string\"}],\"inLanguage\":\"fr-FR\"},{\"@type\":\"ImageObject\",\"@id\":\"https:\/\/www.maisonducoussin.fr\/magazine\/coussin-vert\/#primaryimage\",\"inLanguage\":\"fr-FR\",\"url\":\"http:\/\/www.maisonducoussin.fr\/magazine\/wp-content\/uploads\/2022\/10\/Coussins-verts-tendance.jpg\",\"contentUrl\":\"http:\/\/www.maisonducoussin.fr\/magazine\/wp-content\/uploads\/2022\/10\/Coussins-verts-tendance.jpg\",\"width\":1500,\"height\":1500,\"caption\":\"Coussins d\\u00e9coratifs verts sur canap\\u00e9 en cuir, m\\u00ealant velours c\\u00f4tel\\u00e9 vert intense, motif \\u00e9ventails art d\\u00e9co et tissu graphique turquoise.\"},{\"@type\":\"WebPage\",\"@id\":\"https:\/\/www.maisonducoussin.fr\/magazine\/coussin-vert\/#webpage\",\"url\":\"https:\/\/www.maisonducoussin.fr\/magazine\/coussin-vert\/\",\"name\":\"Le Coussin vert, l'atout chic et intemporel de votre d\\u00e9co - Magazine Maison du Coussin\",\"isPartOf\":{\"@id\":\"https:\/\/www.maisonducoussin.fr\/magazine\/#website\"},\"primaryImageOfPage\":{\"@id\":\"https:\/\/www.maisonducoussin.fr\/magazine\/coussin-vert\/#primaryimage\"},\"datePublished\":\"2025-11-17T16:33:00+00:00\",\"dateModified\":\"2025-11-17T18:46:44+00:00\",\"author\":{\"@id\":\"https:\/\/www.maisonducoussin.fr\/magazine\/#\/schema\/person\/f49ac6b64851734da633d6d8d6f162dd\"},\"description\":\"Le coussin vert est un accessoire \\u00e0 la forte personnalit\\u00e9, il fera de votre salon, de votre entr\\u00e9e ou de votre chambre, une ode \\u00e0 l'\\u00e9vasion, \\u00e0 la douceur ou \\u00e0 la culture pop.\",\"breadcrumb\":{\"@id\":\"https:\/\/www.maisonducoussin.fr\/magazine\/coussin-vert\/#breadcrumb\"},\"inLanguage\":\"fr-FR\",\"potentialAction\":[{\"@type\":\"ReadAction\",\"target\":[\"https:\/\/www.maisonducoussin.fr\/magazine\/coussin-vert\/\"]}]},{\"@type\":\"BreadcrumbList\",\"@id\":\"https:\/\/www.maisonducoussin.fr\/magazine\/coussin-vert\/#breadcrumb\",\"itemListElement\":[{\"@type\":\"ListItem\",\"position\":1,\"name\":\"Accueil\",\"item\":\"https:\/\/www.maisonducoussin.fr\/magazine\/\"},{\"@type\":\"ListItem\",\"position\":2,\"name\":\"Le Coussin vert, l&rsquo;atout chic et intemporel de votre d\\u00e9co\"}]},{\"@type\":\"Person\",\"@id\":\"https:\/\/www.maisonducoussin.fr\/magazine\/#\/schema\/person\/f49ac6b64851734da633d6d8d6f162dd\",\"name\":\"Caroline\",\"image\":{\"@type\":\"ImageObject\",\"@id\":\"https:\/\/www.maisonducoussin.fr\/magazine\/#personlogo\",\"inLanguage\":\"fr-FR\",\"url\":\"http:\/\/0.gravatar.com\/avatar\/f4699940a7c514f6e47991be030f1a13?s=96&d=mm&r=g\",\"contentUrl\":\"http:\/\/0.gravatar.com\/avatar\/f4699940a7c514f6e47991be030f1a13?s=96&d=mm&r=g\",\"caption\":\"Caroline\"},\"url\":\"http:\/\/www.maisonducoussin.fr\/magazine\/author\/caroline\/\"}]}<\/script>\n<!-- \/ Yoast SEO plugin. -->","yoast_head_json":{"title":"Le Coussin vert, l'atout chic et intemporel de votre d\u00e9co - Magazine Maison du Coussin","description":"Le coussin vert est un accessoire \u00e0 la forte personnalit\u00e9, il fera de votre salon, de votre entr\u00e9e ou de votre chambre, une ode \u00e0 l'\u00e9vasion, \u00e0 la douceur ou \u00e0 la culture pop.","robots":{"index":"index","follow":"follow","max-snippet":"max-snippet:-1","max-image-preview":"max-image-preview:large","max-video-preview":"max-video-preview:-1"},"canonical":"https:\/\/www.maisonducoussin.fr\/magazine\/coussin-vert\/","og_locale":"fr_FR","og_type":"article","og_title":"Le Coussin vert, l'atout chic et intemporel de votre d\u00e9co - Magazine Maison du Coussin","og_description":"Le coussin vert est un accessoire \u00e0 la forte personnalit\u00e9, il fera de votre salon, de votre entr\u00e9e ou de votre chambre, une ode \u00e0 l'\u00e9vasion, \u00e0 la douceur ou \u00e0 la culture pop.","og_url":"https:\/\/www.maisonducoussin.fr\/magazine\/coussin-vert\/","og_site_name":"Magazine Maison du Coussin","article_published_time":"2025-11-17T16:33:00+00:00","article_modified_time":"2025-11-17T18:46:44+00:00","og_image":[{"width":1024,"height":1024,"filesize":333347,"path":"2022\/10\/Coussins-verts-tendance-1024x1024.jpg","url":"http:\/\/www.maisonducoussin.fr\/magazine\/wp-content\/uploads\/2022\/10\/Coussins-verts-tendance-1024x1024.jpg","size":"large","id":2348,"alt":"Coussins d\u00e9coratifs verts sur canap\u00e9 en cuir, m\u00ealant velours c\u00f4tel\u00e9 vert intense, motif \u00e9ventails art d\u00e9co et tissu graphique turquoise.","pixels":1048576,"type":"image\/jpeg"}],"twitter_card":"summary","twitter_misc":{"\u00c9crit par":"Caroline","Dur\u00e9e de lecture est.":"8 minutes"},"schema":{"@context":"https:\/\/schema.org","@graph":[{"@type":"WebSite","@id":"https:\/\/www.maisonducoussin.fr\/magazine\/#website","url":"https:\/\/www.maisonducoussin.fr\/magazine\/","name":"Magazine Maison du Coussin","description":"Le coussin design et couture     &nbsp;","potentialAction":[{"@type":"SearchAction","target":{"@type":"EntryPoint","urlTemplate":"https:\/\/www.maisonducoussin.fr\/magazine\/?s={search_term_string}"},"query-input":"required name=search_term_string"}],"inLanguage":"fr-FR"},{"@type":"ImageObject","@id":"https:\/\/www.maisonducoussin.fr\/magazine\/coussin-vert\/#primaryimage","inLanguage":"fr-FR","url":"http:\/\/www.maisonducoussin.fr\/magazine\/wp-content\/uploads\/2022\/10\/Coussins-verts-tendance.jpg","contentUrl":"http:\/\/www.maisonducoussin.fr\/magazine\/wp-content\/uploads\/2022\/10\/Coussins-verts-tendance.jpg","width":1500,"height":1500,"caption":"Coussins d\u00e9coratifs verts sur canap\u00e9 en cuir, m\u00ealant velours c\u00f4tel\u00e9 vert intense, motif \u00e9ventails art d\u00e9co et tissu graphique turquoise."},{"@type":"WebPage","@id":"https:\/\/www.maisonducoussin.fr\/magazine\/coussin-vert\/#webpage","url":"https:\/\/www.maisonducoussin.fr\/magazine\/coussin-vert\/","name":"Le Coussin vert, l'atout chic et intemporel de votre d\u00e9co - Magazine Maison du Coussin","isPartOf":{"@id":"https:\/\/www.maisonducoussin.fr\/magazine\/#website"},"primaryImageOfPage":{"@id":"https:\/\/www.maisonducoussin.fr\/magazine\/coussin-vert\/#primaryimage"},"datePublished":"2025-11-17T16:33:00+00:00","dateModified":"2025-11-17T18:46:44+00:00","author":{"@id":"https:\/\/www.maisonducoussin.fr\/magazine\/#\/schema\/person\/f49ac6b64851734da633d6d8d6f162dd"},"description":"Le coussin vert est un accessoire \u00e0 la forte personnalit\u00e9, il fera de votre salon, de votre entr\u00e9e ou de votre chambre, une ode \u00e0 l'\u00e9vasion, \u00e0 la douceur ou \u00e0 la culture pop.","breadcrumb":{"@id":"https:\/\/www.maisonducoussin.fr\/magazine\/coussin-vert\/#breadcrumb"},"inLanguage":"fr-FR","potentialAction":[{"@type":"ReadAction","target":["https:\/\/www.maisonducoussin.fr\/magazine\/coussin-vert\/"]}]},{"@type":"BreadcrumbList","@id":"https:\/\/www.maisonducoussin.fr\/magazine\/coussin-vert\/#breadcrumb","itemListElement":[{"@type":"ListItem","position":1,"name":"Accueil","item":"https:\/\/www.maisonducoussin.fr\/magazine\/"},{"@type":"ListItem","position":2,"name":"Le Coussin vert, l&rsquo;atout chic et intemporel de votre d\u00e9co"}]},{"@type":"Person","@id":"https:\/\/www.maisonducoussin.fr\/magazine\/#\/schema\/person\/f49ac6b64851734da633d6d8d6f162dd","name":"Caroline","image":{"@type":"ImageObject","@id":"https:\/\/www.maisonducoussin.fr\/magazine\/#personlogo","inLanguage":"fr-FR","url":"http:\/\/0.gravatar.com\/avatar\/f4699940a7c514f6e47991be030f1a13?s=96&d=mm&r=g","contentUrl":"http:\/\/0.gravatar.com\/avatar\/f4699940a7c514f6e47991be030f1a13?s=96&d=mm&r=g","caption":"Caroline"},"url":"http:\/\/www.maisonducoussin.fr\/magazine\/author\/caroline\/"}]}},"_links":{"self":[{"href":"http:\/\/www.maisonducoussin.fr\/magazine\/wp-json\/wp\/v2\/posts\/1626"}],"collection":[{"href":"http:\/\/www.maisonducoussin.fr\/magazine\/wp-json\/wp\/v2\/posts"}],"about":[{"href":"http:\/\/www.maisonducoussin.fr\/magazine\/wp-json\/wp\/v2\/types\/post"}],"author":[{"embeddable":true,"href":"http:\/\/www.maisonducoussin.fr\/magazine\/wp-json\/wp\/v2\/users\/2"}],"replies":[{"embeddable":true,"href":"http:\/\/www.maisonducoussin.fr\/magazine\/wp-json\/wp\/v2\/comments?post=1626"}],"version-history":[{"count":2,"href":"http:\/\/www.maisonducoussin.fr\/magazine\/wp-json\/wp\/v2\/posts\/1626\/revisions"}],"predecessor-version":[{"id":2349,"href":"http:\/\/www.maisonducoussin.fr\/magazine\/wp-json\/wp\/v2\/posts\/1626\/revisions\/2349"}],"wp:featuredmedia":[{"embeddable":true,"href":"http:\/\/www.maisonducoussin.fr\/magazine\/wp-json\/wp\/v2\/media\/2348"}],"wp:attachment":[{"href":"http:\/\/www.maisonducoussin.fr\/magazine\/wp-json\/wp\/v2\/media?parent=1626"}],"wp:term":[{"taxonomy":"category","embeddable":true,"href":"http:\/\/www.maisonducoussin.fr\/magazine\/wp-json\/wp\/v2\/categories?post=1626"},{"taxonomy":"post_tag","embeddable":true,"href":"http:\/\/www.maisonducoussin.fr\/magazine\/wp-json\/wp\/v2\/tags?post=1626"}],"curies":[{"name":"wp","href":"https:\/\/api.w.org\/{rel}","templated":true}]}}