{"id":1084,"date":"2021-09-24T11:52:27","date_gmt":"2021-09-24T10:52:27","guid":{"rendered":"http:\/\/www.maisonducoussin.fr\/magazine\/?p=1084"},"modified":"2021-09-24T11:52:29","modified_gmt":"2021-09-24T10:52:29","slug":"coussin-dassise-sur-mesure-histoire-dun-projet","status":"publish","type":"post","link":"http:\/\/www.maisonducoussin.fr\/magazine\/coussin-dassise-sur-mesure-histoire-dun-projet\/","title":{"rendered":"Coussin d&rsquo;assise sur mesure, histoire d&rsquo;un projet"},"content":{"rendered":"\n<p>Maison du Coussin ne dispose pas de showroom, nos projets sont donc trait\u00e9s \u00e0 distance. Outre le fait que chacun soit aujourd&rsquo;hui familiaris\u00e9 avec ces proc\u00e9d\u00e9s, cela nous permet de faire profiter plus de monde de notre savoir-faire. Bien-s\u00fbr, nous mettons tout en oeuvre pour que notre collaboration soit aussi fluide que possible et que la distance ne se fasse pas ressentir.<\/p>\n\n\n\n<p>Nos clients sur mesure sont de tous horizons, de France et d&rsquo;Europe. Ils vivent dans des appartements parisiens ou dans des maisons \u00e0 la campagne. Ils ont un balcon ou un grand jardin, ou rien du tout ! Ils ont des enfants en bas \u00e2ge, des animaux un peu envahissants ou vivent seuls ou en couple. Ils veulent am\u00e9nager leur salon, leur entr\u00e9e, leur terrasse ou leur&#8230; salle de bain ! Parfois c&rsquo;est Monsieur qui est \u00e0 l&rsquo;origine de la demande, parfois c&rsquo;est Madame qui est f\u00e9rue de d\u00e9coration.<\/p>\n\n\n\n<p>Ils sont donc tous tr\u00e8s diff\u00e9rents mais trouvent tous chez nous l&rsquo;\u00e9coute, le conseil, l&rsquo;originalit\u00e9 des tissus et la qualit\u00e9 de r\u00e9alisation qu&rsquo;ils recherchent.<\/p>\n\n\n\n<p>Aujourd&rsquo;hui, nous avons choisi de vous expliquer notre processus en vous racontant concr\u00e8tement l&rsquo;histoire d&rsquo;un projet qui pourrait \u00eatre le v\u00f4tre.<\/p>\n\n\n\n<!--more-->\n\n\n\n<p>Voici donc l&rsquo;histoire d&rsquo;un projet, celui de Monsieur H.<\/p>\n\n\n\n<p>Un projet se d\u00e9roule ainsi :<\/p>\n\n\n\n<ul><li>1- la prise de contact<\/li><li>2- le devis et la s\u00e9lection de tissus<\/li><li>3- l&rsquo;envoi des \u00e9chantillons <\/li><li>4- la finalisation, le bon de commande, le r\u00e8glement<\/li><li>5- la fabrication, le contr\u00f4le qualit\u00e9<\/li><li>6- la livraison<\/li><\/ul>\n\n\n\n<h2>La prise de contact<\/h2>\n\n\n\n<p>Monsieur H. a fait une recherche google sur \u00ab\u00a0coussin sur mesure\u00a0\u00bb et est arriv\u00e9 directement sur notre site, \u00e0 la page \u00ab\u00a0Coussin sur mesure pour banc et banquette\u00a0\u00bb,<a href=\"http:\/\/www.maisonducoussin.fr\/magazine\/coussin-sur-mesure-pour-banc-et-banquette\/\" target=\"_blank\" rel=\"noreferrer noopener\">http:\/\/www.maisonducoussin.fr\/magazine\/coussin-sur-mesure-pour-banc-et-banquette\/<\/a> , notre site \u00e9tant en effet en premi\u00e8re page de google pour ce type de recherche.<\/p>\n\n\n\n<p>Il a suivi le cheminement puis nous a envoy\u00e9 un mail tr\u00e8s d\u00e9taill\u00e9 \u00e0 contact@maisonducoussin.fr<\/p>\n\n\n\n<figure class=\"wp-block-image size-large\"><a href=\"http:\/\/www.maisonducoussin.fr\/magazine\/wp-content\/uploads\/2021\/09\/Prise-de-contact-H.-1.jpg\"><img loading=\"lazy\" width=\"1000\" height=\"480\" src=\"http:\/\/www.maisonducoussin.fr\/magazine\/wp-content\/uploads\/2021\/09\/Prise-de-contact-H.-1.jpg\" alt=\"\" class=\"wp-image-1088\" srcset=\"http:\/\/www.maisonducoussin.fr\/magazine\/wp-content\/uploads\/2021\/09\/Prise-de-contact-H.-1.jpg 1000w, http:\/\/www.maisonducoussin.fr\/magazine\/wp-content\/uploads\/2021\/09\/Prise-de-contact-H.-1-300x144.jpg 300w, http:\/\/www.maisonducoussin.fr\/magazine\/wp-content\/uploads\/2021\/09\/Prise-de-contact-H.-1-768x369.jpg 768w, http:\/\/www.maisonducoussin.fr\/magazine\/wp-content\/uploads\/2021\/09\/Prise-de-contact-H.-1-700x336.jpg 700w, http:\/\/www.maisonducoussin.fr\/magazine\/wp-content\/uploads\/2021\/09\/Prise-de-contact-H.-1-260x125.jpg 260w, http:\/\/www.maisonducoussin.fr\/magazine\/wp-content\/uploads\/2021\/09\/Prise-de-contact-H.-1-104x50.jpg 104w\" sizes=\"(max-width: 1000px) 100vw, 1000px\" \/><\/a><\/figure>\n\n\n\n<p>Son message est parfait car il contient toutes les indications : l&rsquo;usage, les dimensions (longueur, largeur, sans oublier l&rsquo;\u00e9paisseur), le type de tissu et coloris souhait\u00e9s et m\u00eame une description de l&rsquo;environnement et une photo ! Ne manque que le lieu de livraison (ce qui nous permet de calculer tout de suite les co\u00fbts de livraison). <\/p>\n\n\n\n<p>S&rsquo;il nous manque des \u00e9l\u00e9ments dans votre demande, nous allons vous contacter tr\u00e8s rapidement par mail pour vous les demander.<\/p>\n\n\n\n<h2>Le devis<\/h2>\n\n\n\n<p>Avec tous ces \u00e9l\u00e9ments, il nous est tr\u00e8s simple d&rsquo;\u00e9laborer une proposition compl\u00e8te pour ce projet :<\/p>\n\n\n\n<ul><li>le devis<\/li><li>des propositions de tissus<\/li><li>un d\u00e9lai de livraison<\/li><\/ul>\n\n\n\n<p>Pour le devis, nous proposons g\u00e9n\u00e9ralement 2 ou 3 tarifs, en fonction du niveau de gamme des tissus propos\u00e9s et de leur largeur :<\/p>\n\n\n\n<ul><li>Tarif 1 pour un tissu 100% Coton uni moyen de gamme<\/li><li>Tarif 2 pour un tissu \u00e0 motifs ou textur\u00e9 moyen de gamme<\/li><li>Tarif 3 pour un tissu d&rsquo;\u00e9diteur, souvent plus nuanc\u00e9 et plus r\u00e9sistant<\/li><\/ul>\n\n\n\n<p>Sachez que nous n&rsquo;avons pas de pr\u00e9f\u00e9rence pour l&rsquo;un ou l&rsquo;autre de ces tissus. Nous souhaitons juste vous proposer les meilleures options pour votre projet, en fonction du style, de l&rsquo;usage et des dimensions de vos coussins.<\/p>\n\n\n\n<p>La plupart du temps, notre devis vous est adress\u00e9 par mail, dans un d\u00e9lai de 24 \u00e0 48h grand maximum. Il vous d\u00e9crit toutes les caract\u00e9ristiques techniques de votre projet et des mat\u00e9riaux que nous vous proposons d&#8217;employer:<\/p>\n\n\n\n<ul><li>Le type de mousse et sa densit\u00e9<\/li><li>Les options de tissus<\/li><li>Les finitions (avec ou sans passepoils notamment)<\/li><li>La livraison et le processus pour finaliser le projet<\/li><\/ul>\n\n\n\n<p>Notre devis prend en compte l&rsquo;achat du tissu, de la mousse, des divers \u00e9l\u00e9ments de finition (passepoil, zip, fils etc) et le temps de travail. Tous nos coussins sont r\u00e9alis\u00e9s en Ile de France, aucune fabrication \u00e0 l&rsquo;\u00e9tranger.<\/p>\n\n\n\n<p>Nos devis et conseils sur votre projet sont gratuits et ne vous engagent \u00e0 rien (m\u00eame si une r\u00e9ponse &#8211; m\u00eame n\u00e9gative &#8211; est toujours agr\u00e9able&#8230;!).<\/p>\n\n\n\n<p>Certains clients peuvent trouver nos prix \u00e9lev\u00e9s, mais ils ne sont que le reflet d&rsquo;un service et d&rsquo;une fabrication sur mesure, haut de gamme et soign\u00e9e, de l&#8217;emploi de tissus de haute qualit\u00e9. Ils comprennent \u00e9galement le travail de conseil, de s\u00e9lection de tissus et d&rsquo;envoi des \u00e9chantillons qui n&rsquo;est pas factur\u00e9. N&rsquo;h\u00e9sitez pas \u00e0 nous faire part de vos remarques \u00e0 ce sujet, nous serions heureux d&rsquo;en discuter avec vous.<\/p>\n\n\n\n<p>Pour en revenir au projet de Monsieur H., voici le mail de devis et de conseils que nous lui avons adress\u00e9 :<\/p>\n\n\n\n<figure class=\"wp-block-image size-large\"><a href=\"http:\/\/www.maisonducoussin.fr\/magazine\/wp-content\/uploads\/2021\/09\/Mail-reponse-H.jpg\"><img loading=\"lazy\" width=\"800\" height=\"749\" src=\"http:\/\/www.maisonducoussin.fr\/magazine\/wp-content\/uploads\/2021\/09\/Mail-reponse-H.jpg\" alt=\"\" class=\"wp-image-1089\" srcset=\"http:\/\/www.maisonducoussin.fr\/magazine\/wp-content\/uploads\/2021\/09\/Mail-reponse-H.jpg 800w, http:\/\/www.maisonducoussin.fr\/magazine\/wp-content\/uploads\/2021\/09\/Mail-reponse-H-300x281.jpg 300w, http:\/\/www.maisonducoussin.fr\/magazine\/wp-content\/uploads\/2021\/09\/Mail-reponse-H-768x719.jpg 768w, http:\/\/www.maisonducoussin.fr\/magazine\/wp-content\/uploads\/2021\/09\/Mail-reponse-H-700x655.jpg 700w, http:\/\/www.maisonducoussin.fr\/magazine\/wp-content\/uploads\/2021\/09\/Mail-reponse-H-260x243.jpg 260w, http:\/\/www.maisonducoussin.fr\/magazine\/wp-content\/uploads\/2021\/09\/Mail-reponse-H-53x50.jpg 53w\" sizes=\"(max-width: 800px) 100vw, 800px\" \/><\/a><\/figure>\n\n\n\n<h2>Les propositions de tissus<\/h2>\n\n\n\n<p>Dans le cas de Monsieur H., la demande est tr\u00e8s aboutie et ce client a d\u00e9j\u00e0 une id\u00e9e arr\u00eat\u00e9e de ce qu&rsquo;il veut. Nous adaptons donc notre s\u00e9lection de tissus \u00e0 ses indications et lui envoyons par mail avec notre devis ce type de planche :<\/p>\n\n\n\n<figure class=\"wp-block-image size-large\"><a href=\"http:\/\/www.maisonducoussin.fr\/magazine\/wp-content\/uploads\/2021\/09\/Planche-projet-M.-H.jpg\"><img loading=\"lazy\" width=\"724\" height=\"1024\" src=\"http:\/\/www.maisonducoussin.fr\/magazine\/wp-content\/uploads\/2021\/09\/Planche-projet-M.-H-724x1024.jpg\" alt=\"\" class=\"wp-image-1090\" srcset=\"http:\/\/www.maisonducoussin.fr\/magazine\/wp-content\/uploads\/2021\/09\/Planche-projet-M.-H-724x1024.jpg 724w, http:\/\/www.maisonducoussin.fr\/magazine\/wp-content\/uploads\/2021\/09\/Planche-projet-M.-H-212x300.jpg 212w, http:\/\/www.maisonducoussin.fr\/magazine\/wp-content\/uploads\/2021\/09\/Planche-projet-M.-H-768x1086.jpg 768w, http:\/\/www.maisonducoussin.fr\/magazine\/wp-content\/uploads\/2021\/09\/Planche-projet-M.-H-1086x1536.jpg 1086w, http:\/\/www.maisonducoussin.fr\/magazine\/wp-content\/uploads\/2021\/09\/Planche-projet-M.-H-700x990.jpg 700w, http:\/\/www.maisonducoussin.fr\/magazine\/wp-content\/uploads\/2021\/09\/Planche-projet-M.-H-260x368.jpg 260w, http:\/\/www.maisonducoussin.fr\/magazine\/wp-content\/uploads\/2021\/09\/Planche-projet-M.-H-35x50.jpg 35w, http:\/\/www.maisonducoussin.fr\/magazine\/wp-content\/uploads\/2021\/09\/Planche-projet-M.-H.jpg 1240w\" sizes=\"(max-width: 724px) 100vw, 724px\" \/><\/a><\/figure>\n\n\n\n<p>A partir de cette planche, il peut s\u00e9lectionner les \u00e9chantillons qui lui plaisent. Il nous indique alors son adresse et nous les lui envoyons \u00ab\u00a0physiquement\u00a0\u00bb aussi vite que possible (en fonction de la disponibilit\u00e9 chez nos fournisseurs).<\/p>\n\n\n\n<p>Sachez que nous avons des comptes chez la plupart des \u00e9diteurs. Vous pouvez donc de vous m\u00eame nous indiquer une r\u00e9f\u00e9rence d&rsquo;un tissu que vous avez rep\u00e9r\u00e9. Cependant, nous travaillons principalement avec 4 \u00e0 5 \u00e9diteurs et fournisseurs qui proposent un large choix et des gammes de prix assez raisonnables. Les \u00e9diteurs les plus luxueux sont assez souvent inaccessibles pour les projets particuliers, malheureusement, m\u00eame si nous ne nous interdisons rien.<\/p>\n\n\n\n<p>Si toutefois vous n&rsquo;avez aucune id\u00e9e de ce qui pourrait vous plaire, alors nous vous demandons \u00e9ventuellement une photo de votre pi\u00e8ce ou d&rsquo;ambiances qui vous plaisent et nous vous envoyons une s\u00e9lection plus large.<\/p>\n\n\n\n<h2>L&rsquo;envoi des \u00e9chantillons<\/h2>\n\n\n\n<p>Suite \u00e0 la r\u00e9ception par mail de notre s\u00e9lection de tissus, voici la r\u00e9ponse et la s\u00e9lection de Monsieur H:<\/p>\n\n\n\n<figure class=\"wp-block-image size-large\"><a href=\"http:\/\/www.maisonducoussin.fr\/magazine\/wp-content\/uploads\/2021\/09\/Reponse-H.jpg\"><img loading=\"lazy\" width=\"800\" height=\"524\" src=\"http:\/\/www.maisonducoussin.fr\/magazine\/wp-content\/uploads\/2021\/09\/Reponse-H.jpg\" alt=\"\" class=\"wp-image-1091\" srcset=\"http:\/\/www.maisonducoussin.fr\/magazine\/wp-content\/uploads\/2021\/09\/Reponse-H.jpg 800w, http:\/\/www.maisonducoussin.fr\/magazine\/wp-content\/uploads\/2021\/09\/Reponse-H-300x197.jpg 300w, http:\/\/www.maisonducoussin.fr\/magazine\/wp-content\/uploads\/2021\/09\/Reponse-H-768x503.jpg 768w, http:\/\/www.maisonducoussin.fr\/magazine\/wp-content\/uploads\/2021\/09\/Reponse-H-700x459.jpg 700w, http:\/\/www.maisonducoussin.fr\/magazine\/wp-content\/uploads\/2021\/09\/Reponse-H-260x170.jpg 260w, http:\/\/www.maisonducoussin.fr\/magazine\/wp-content\/uploads\/2021\/09\/Reponse-H-76x50.jpg 76w\" sizes=\"(max-width: 800px) 100vw, 800px\" \/><\/a><\/figure>\n\n\n\n<p>Nous avons donc envoy\u00e9 par courrier ces 4 \u00e9chantillons \u00e0 Monsieur H. Son \u00e9pouse et lui ont finalement choisi le TIMEO Coloris Gris 27.<\/p>\n\n\n\n<h2>Le bon de commande, le r\u00e8glement<\/h2>\n\n\n\n<p>Suite \u00e0 cette d\u00e9cision, nous avons fait parvenir \u00e0 Monsieur H. son bon de commande reprenant toutes les \u00e9l\u00e9ments de son projet :<\/p>\n\n\n\n<figure class=\"wp-block-image size-large\"><a href=\"http:\/\/www.maisonducoussin.fr\/magazine\/wp-content\/uploads\/2021\/09\/BDC-M.-H-scaled.jpg\"><img loading=\"lazy\" width=\"720\" height=\"1024\" src=\"http:\/\/www.maisonducoussin.fr\/magazine\/wp-content\/uploads\/2021\/09\/BDC-M.-H-720x1024.jpg\" alt=\"\" class=\"wp-image-1092\" srcset=\"http:\/\/www.maisonducoussin.fr\/magazine\/wp-content\/uploads\/2021\/09\/BDC-M.-H-720x1024.jpg 720w, http:\/\/www.maisonducoussin.fr\/magazine\/wp-content\/uploads\/2021\/09\/BDC-M.-H-211x300.jpg 211w, http:\/\/www.maisonducoussin.fr\/magazine\/wp-content\/uploads\/2021\/09\/BDC-M.-H-768x1092.jpg 768w, http:\/\/www.maisonducoussin.fr\/magazine\/wp-content\/uploads\/2021\/09\/BDC-M.-H-1080x1536.jpg 1080w, http:\/\/www.maisonducoussin.fr\/magazine\/wp-content\/uploads\/2021\/09\/BDC-M.-H-1440x2048.jpg 1440w, http:\/\/www.maisonducoussin.fr\/magazine\/wp-content\/uploads\/2021\/09\/BDC-M.-H-700x995.jpg 700w, http:\/\/www.maisonducoussin.fr\/magazine\/wp-content\/uploads\/2021\/09\/BDC-M.-H-260x370.jpg 260w, http:\/\/www.maisonducoussin.fr\/magazine\/wp-content\/uploads\/2021\/09\/BDC-M.-H-35x50.jpg 35w, http:\/\/www.maisonducoussin.fr\/magazine\/wp-content\/uploads\/2021\/09\/BDC-M.-H-scaled.jpg 1801w\" sizes=\"(max-width: 720px) 100vw, 720px\" \/><\/a><\/figure>\n\n\n\n<p>Chez Maison du Coussin, qu&rsquo;il s&rsquo;agisse d&rsquo;un client priv\u00e9 ou professionnel, le r\u00e8glement complet se fait \u00e0 la commande. Le travail \u00e0 distance nous contraint \u00e0 cette obligation. Le r\u00e8glement se fait par virement ou, quand cela est possible, directement sur notre site par carte bancaire (paiement s\u00e9curis\u00e9) ou Paypal. Nous accusons imm\u00e9diatement r\u00e9ception de votre r\u00e8glement. Nous n&rsquo;avons jamais enregistr\u00e9 d&rsquo;incident ou de d\u00e9sagr\u00e9ment avec le r\u00e8glement \u00e0 la commande. Nous sommes entre gens de bonne compagnie et nos clients comprennent tr\u00e8s bien ce processus.<\/p>\n\n\n\n<p>En l&rsquo;occurrence, Monsieur H. a choisi de r\u00e9gler directement sur notre site par carte bancaire (nous lui avons pour cela envoy\u00e9 un lien vers un article \u00ab\u00a0Commande sp\u00e9ciale\u00a0\u00bb cr\u00e9\u00e9 uniquement pour lui et il a pu r\u00e9gler en tout confiance comme sur n&rsquo;importe quel site).<\/p>\n\n\n\n<h2>La fabrication, le contr\u00f4le qualit\u00e9<\/h2>\n\n\n\n<p>D\u00e8s r\u00e9ception de son paiement, nous avons approvisionn\u00e9 le tissu et la mousse et avons lanc\u00e9 la fabrication dans notre atelier.<\/p>\n\n\n\n<p>La housse est d&rsquo;abord confectionn\u00e9e, puis la mousse est ouat\u00e9e et prot\u00e9g\u00e9e par une fine \u00ab\u00a0chaussette\u00a0\u00bb en maille qui permet d&rsquo;enfiler plus facilement la housse. Une fois la housse enfil\u00e9e, le contr\u00f4le qualit\u00e9 commence avec la v\u00e9rification des finitions bien s\u00fbr, ainsi que des mesures. Quand tout est conforme, le coussin est emball\u00e9 dans une housse plastique noire ultra-r\u00e9sistante et discr\u00e8te.<\/p>\n\n\n\n<h2>La livraison<\/h2>\n\n\n\n<p>Quand nous sommes pr\u00eats \u00e0 exp\u00e9dier, nous vous l&rsquo;indiquons, par mail.<\/p>\n\n\n\n<p>La plupart du temps, le format de votre coussin n\u00e9cessite que nous confiions le ou les colis \u00e0 notre transporteur, les Transports VARILLON. Celui-ci est situ\u00e9 dans l&rsquo;Eure et travaille beaucoup avec l&rsquo;Ile de France o\u00f9 nous sommes situ\u00e9s. Il prend donc en charge votre commande et, si vous \u00eates \u00e9galement situ\u00e9 en r\u00e9gion parisienne, vous livrera directement. Si vous \u00eates dans une autre r\u00e9gion ou dans un pays de l&rsquo;UE, il confiera votre colis \u00e0 son correspondant le plus proche de chez vous. Si le format le permet (maximum du total des mesures = 150 cm), nous confions votre colis \u00e0 LA POSTE, via Colissimo, ce qui est moins cher, bien entendu. Pour la Suisse et les pays hors UE, nous utilisons les services de CHRONOPOST.<\/p>\n\n\n\n<p>Au d\u00e9part de notre atelier, notre transporteur dispose de toutes vos coordonn\u00e9es et a pour instructions de vous contacter (soit lui directement, soit son correspondant) pour convenir d&rsquo;un rendez-vous pour la livraison.<\/p>\n\n\n\n<p>Si nous avons confi\u00e9 votre colis \u00e0 La Poste, via Colissimo, vous serez livr\u00e9 par votre facteur ou bien votre colis vous attendra \u00e0 votre Bureau de Poste.<\/p>\n\n\n\n<p>La derni\u00e8re \u00e9tape est de nous assurer que vous avez bien r\u00e9ceptionn\u00e9 votre colis et que vous \u00eates satisfait(e) de votre commande.<\/p>\n\n\n\n<p>Souvent, vous nous adressez une photo en situation et quelques compliments, et cela nous fait tr\u00e8s plaisir !<\/p>\n\n\n\n<p>Pour Monsieur H., voici le r\u00e9sultat :<\/p>\n\n\n\n<figure class=\"wp-block-image size-large\"><a href=\"http:\/\/www.maisonducoussin.fr\/magazine\/wp-content\/uploads\/2021\/09\/Fin-M.-H.jpg\"><img loading=\"lazy\" width=\"1024\" height=\"229\" src=\"http:\/\/www.maisonducoussin.fr\/magazine\/wp-content\/uploads\/2021\/09\/Fin-M.-H-1024x229.jpg\" alt=\"\" class=\"wp-image-1093\" srcset=\"http:\/\/www.maisonducoussin.fr\/magazine\/wp-content\/uploads\/2021\/09\/Fin-M.-H-1024x229.jpg 1024w, http:\/\/www.maisonducoussin.fr\/magazine\/wp-content\/uploads\/2021\/09\/Fin-M.-H-300x67.jpg 300w, http:\/\/www.maisonducoussin.fr\/magazine\/wp-content\/uploads\/2021\/09\/Fin-M.-H-768x171.jpg 768w, http:\/\/www.maisonducoussin.fr\/magazine\/wp-content\/uploads\/2021\/09\/Fin-M.-H-1536x343.jpg 1536w, http:\/\/www.maisonducoussin.fr\/magazine\/wp-content\/uploads\/2021\/09\/Fin-M.-H-700x156.jpg 700w, http:\/\/www.maisonducoussin.fr\/magazine\/wp-content\/uploads\/2021\/09\/Fin-M.-H-260x58.jpg 260w, http:\/\/www.maisonducoussin.fr\/magazine\/wp-content\/uploads\/2021\/09\/Fin-M.-H-224x50.jpg 224w, http:\/\/www.maisonducoussin.fr\/magazine\/wp-content\/uploads\/2021\/09\/Fin-M.-H.jpg 1855w\" sizes=\"(max-width: 1024px) 100vw, 1024px\" \/><\/a><\/figure>\n\n\n\n<figure class=\"wp-block-image size-large\"><a href=\"http:\/\/www.maisonducoussin.fr\/magazine\/wp-content\/uploads\/2021\/05\/Coussin-pour-banc-entree-alcove.jpg\"><img loading=\"lazy\" width=\"768\" height=\"1024\" src=\"http:\/\/www.maisonducoussin.fr\/magazine\/wp-content\/uploads\/2021\/05\/Coussin-pour-banc-entree-alcove-768x1024.jpg\" alt=\"\" class=\"wp-image-1019\" srcset=\"http:\/\/www.maisonducoussin.fr\/magazine\/wp-content\/uploads\/2021\/05\/Coussin-pour-banc-entree-alcove-768x1024.jpg 768w, http:\/\/www.maisonducoussin.fr\/magazine\/wp-content\/uploads\/2021\/05\/Coussin-pour-banc-entree-alcove-225x300.jpg 225w, http:\/\/www.maisonducoussin.fr\/magazine\/wp-content\/uploads\/2021\/05\/Coussin-pour-banc-entree-alcove-700x933.jpg 700w, http:\/\/www.maisonducoussin.fr\/magazine\/wp-content\/uploads\/2021\/05\/Coussin-pour-banc-entree-alcove-260x347.jpg 260w, http:\/\/www.maisonducoussin.fr\/magazine\/wp-content\/uploads\/2021\/05\/Coussin-pour-banc-entree-alcove-38x50.jpg 38w, http:\/\/www.maisonducoussin.fr\/magazine\/wp-content\/uploads\/2021\/05\/Coussin-pour-banc-entree-alcove.jpg 1300w\" sizes=\"(max-width: 768px) 100vw, 768px\" \/><\/a><\/figure>\n\n\n\n<p>Voici quelques autres avis clients re\u00e7us r\u00e9cemment :<\/p>\n\n\n\n<ul><li>de la part de Monsieur F. :<\/li><\/ul>\n\n\n\n<figure class=\"wp-block-image size-large\"><a href=\"http:\/\/www.maisonducoussin.fr\/magazine\/wp-content\/uploads\/2021\/09\/Capture-decran-2021-09-24-a-12.41.20-1.png\"><img loading=\"lazy\" width=\"400\" height=\"89\" src=\"http:\/\/www.maisonducoussin.fr\/magazine\/wp-content\/uploads\/2021\/09\/Capture-decran-2021-09-24-a-12.41.20-1.png\" alt=\"\" class=\"wp-image-1101\" srcset=\"http:\/\/www.maisonducoussin.fr\/magazine\/wp-content\/uploads\/2021\/09\/Capture-decran-2021-09-24-a-12.41.20-1.png 400w, http:\/\/www.maisonducoussin.fr\/magazine\/wp-content\/uploads\/2021\/09\/Capture-decran-2021-09-24-a-12.41.20-1-300x67.png 300w, http:\/\/www.maisonducoussin.fr\/magazine\/wp-content\/uploads\/2021\/09\/Capture-decran-2021-09-24-a-12.41.20-1-260x58.png 260w, http:\/\/www.maisonducoussin.fr\/magazine\/wp-content\/uploads\/2021\/09\/Capture-decran-2021-09-24-a-12.41.20-1-225x50.png 225w\" sizes=\"(max-width: 400px) 100vw, 400px\" \/><\/a><\/figure>\n\n\n\n<ul><li>de la part de Madame S. :<\/li><\/ul>\n\n\n\n<figure class=\"wp-block-image size-large\"><a href=\"http:\/\/www.maisonducoussin.fr\/magazine\/wp-content\/uploads\/2021\/09\/Capture-decran-2021-09-24-a-12.44.08.png\"><img loading=\"lazy\" width=\"400\" height=\"65\" src=\"http:\/\/www.maisonducoussin.fr\/magazine\/wp-content\/uploads\/2021\/09\/Capture-decran-2021-09-24-a-12.44.08.png\" alt=\"\" class=\"wp-image-1102\" srcset=\"http:\/\/www.maisonducoussin.fr\/magazine\/wp-content\/uploads\/2021\/09\/Capture-decran-2021-09-24-a-12.44.08.png 400w, http:\/\/www.maisonducoussin.fr\/magazine\/wp-content\/uploads\/2021\/09\/Capture-decran-2021-09-24-a-12.44.08-300x49.png 300w, http:\/\/www.maisonducoussin.fr\/magazine\/wp-content\/uploads\/2021\/09\/Capture-decran-2021-09-24-a-12.44.08-260x42.png 260w, http:\/\/www.maisonducoussin.fr\/magazine\/wp-content\/uploads\/2021\/09\/Capture-decran-2021-09-24-a-12.44.08-308x50.png 308w\" sizes=\"(max-width: 400px) 100vw, 400px\" \/><\/a><\/figure>\n\n\n\n<ul><li>de la part de Madame A. :<\/li><\/ul>\n\n\n\n<figure class=\"wp-block-image size-large\"><a href=\"http:\/\/www.maisonducoussin.fr\/magazine\/wp-content\/uploads\/2021\/09\/Capture-decran-2021-09-24-a-12.48.33.png\"><img loading=\"lazy\" width=\"800\" height=\"40\" src=\"http:\/\/www.maisonducoussin.fr\/magazine\/wp-content\/uploads\/2021\/09\/Capture-decran-2021-09-24-a-12.48.33.png\" alt=\"\" class=\"wp-image-1103\" srcset=\"http:\/\/www.maisonducoussin.fr\/magazine\/wp-content\/uploads\/2021\/09\/Capture-decran-2021-09-24-a-12.48.33.png 800w, http:\/\/www.maisonducoussin.fr\/magazine\/wp-content\/uploads\/2021\/09\/Capture-decran-2021-09-24-a-12.48.33-300x15.png 300w, http:\/\/www.maisonducoussin.fr\/magazine\/wp-content\/uploads\/2021\/09\/Capture-decran-2021-09-24-a-12.48.33-768x38.png 768w, http:\/\/www.maisonducoussin.fr\/magazine\/wp-content\/uploads\/2021\/09\/Capture-decran-2021-09-24-a-12.48.33-700x35.png 700w, http:\/\/www.maisonducoussin.fr\/magazine\/wp-content\/uploads\/2021\/09\/Capture-decran-2021-09-24-a-12.48.33-260x13.png 260w\" sizes=\"(max-width: 800px) 100vw, 800px\" \/><\/a><\/figure>\n\n\n\n<p>Alors, \u00e0 bient\u00f4t pour nous confier votre projet !<\/p>\n","protected":false},"excerpt":{"rendered":"<p>Maison du Coussin ne dispose pas de showroom, nos projets sont donc trait\u00e9s \u00e0 distance. Outre le fait que chacun soit aujourd&rsquo;hui familiaris\u00e9 avec ces proc\u00e9d\u00e9s, cela nous permet de faire profiter plus de monde de notre savoir-faire. Bien-s\u00fbr, nous mettons tout en oeuvre pour que notre collaboration soit aussi fluide que possible et que [&hellip;]<\/p>\n","protected":false},"author":2,"featured_media":472,"comment_status":"open","ping_status":"open","sticky":false,"template":"","format":"standard","meta":[],"categories":[15],"tags":[],"yoast_head":"<!-- This site is optimized with the Yoast SEO plugin v16.7 - https:\/\/yoast.com\/wordpress\/plugins\/seo\/ -->\n<title>Coussin d&#039;assise sur mesure, histoire d&#039;un projet - Magazine Maison du Coussin<\/title>\n<meta name=\"robots\" content=\"index, follow, max-snippet:-1, max-image-preview:large, max-video-preview:-1\" \/>\n<link rel=\"canonical\" href=\"https:\/\/www.maisonducoussin.fr\/magazine\/coussin-dassise-sur-mesure-histoire-dun-projet\/\" \/>\n<meta property=\"og:locale\" content=\"fr_FR\" \/>\n<meta property=\"og:type\" content=\"article\" \/>\n<meta property=\"og:title\" content=\"Coussin d&#039;assise sur mesure, histoire d&#039;un projet - Magazine Maison du Coussin\" \/>\n<meta property=\"og:description\" content=\"Maison du Coussin ne dispose pas de showroom, nos projets sont donc trait\u00e9s \u00e0 distance. Outre le fait que chacun soit aujourd&rsquo;hui familiaris\u00e9 avec ces proc\u00e9d\u00e9s, cela nous permet de faire profiter plus de monde de notre savoir-faire. Bien-s\u00fbr, nous mettons tout en oeuvre pour que notre collaboration soit aussi fluide que possible et que [&hellip;]\" \/>\n<meta property=\"og:url\" content=\"https:\/\/www.maisonducoussin.fr\/magazine\/coussin-dassise-sur-mesure-histoire-dun-projet\/\" \/>\n<meta property=\"og:site_name\" content=\"Magazine Maison du Coussin\" \/>\n<meta property=\"article:published_time\" content=\"2021-09-24T10:52:27+00:00\" \/>\n<meta property=\"article:modified_time\" content=\"2021-09-24T10:52:29+00:00\" \/>\n<meta property=\"og:image\" content=\"http:\/\/www.maisonducoussin.fr\/magazine\/wp-content\/uploads\/2016\/11\/Logo-rond-seul.jpg\" \/>\n\t<meta property=\"og:image:width\" content=\"751\" \/>\n\t<meta property=\"og:image:height\" content=\"695\" \/>\n<meta name=\"twitter:card\" content=\"summary\" \/>\n<meta name=\"twitter:label1\" content=\"\u00c9crit par\" \/>\n\t<meta name=\"twitter:data1\" content=\"Caroline\" \/>\n\t<meta name=\"twitter:label2\" content=\"Dur\u00e9e de lecture est.\" \/>\n\t<meta name=\"twitter:data2\" content=\"9 minutes\" \/>\n<script type=\"application\/ld+json\" class=\"yoast-schema-graph\">{\"@context\":\"https:\/\/schema.org\",\"@graph\":[{\"@type\":\"WebSite\",\"@id\":\"https:\/\/www.maisonducoussin.fr\/magazine\/#website\",\"url\":\"https:\/\/www.maisonducoussin.fr\/magazine\/\",\"name\":\"Magazine Maison du Coussin\",\"description\":\"Le coussin design et couture     &nbsp;\",\"potentialAction\":[{\"@type\":\"SearchAction\",\"target\":{\"@type\":\"EntryPoint\",\"urlTemplate\":\"https:\/\/www.maisonducoussin.fr\/magazine\/?s={search_term_string}\"},\"query-input\":\"required name=search_term_string\"}],\"inLanguage\":\"fr-FR\"},{\"@type\":\"ImageObject\",\"@id\":\"https:\/\/www.maisonducoussin.fr\/magazine\/coussin-dassise-sur-mesure-histoire-dun-projet\/#primaryimage\",\"inLanguage\":\"fr-FR\",\"url\":\"http:\/\/www.maisonducoussin.fr\/magazine\/wp-content\/uploads\/2016\/11\/Logo-rond-seul.jpg\",\"contentUrl\":\"http:\/\/www.maisonducoussin.fr\/magazine\/wp-content\/uploads\/2016\/11\/Logo-rond-seul.jpg\",\"width\":751,\"height\":695},{\"@type\":\"WebPage\",\"@id\":\"https:\/\/www.maisonducoussin.fr\/magazine\/coussin-dassise-sur-mesure-histoire-dun-projet\/#webpage\",\"url\":\"https:\/\/www.maisonducoussin.fr\/magazine\/coussin-dassise-sur-mesure-histoire-dun-projet\/\",\"name\":\"Coussin d'assise sur mesure, histoire d'un projet - Magazine Maison du Coussin\",\"isPartOf\":{\"@id\":\"https:\/\/www.maisonducoussin.fr\/magazine\/#website\"},\"primaryImageOfPage\":{\"@id\":\"https:\/\/www.maisonducoussin.fr\/magazine\/coussin-dassise-sur-mesure-histoire-dun-projet\/#primaryimage\"},\"datePublished\":\"2021-09-24T10:52:27+00:00\",\"dateModified\":\"2021-09-24T10:52:29+00:00\",\"author\":{\"@id\":\"https:\/\/www.maisonducoussin.fr\/magazine\/#\/schema\/person\/f49ac6b64851734da633d6d8d6f162dd\"},\"breadcrumb\":{\"@id\":\"https:\/\/www.maisonducoussin.fr\/magazine\/coussin-dassise-sur-mesure-histoire-dun-projet\/#breadcrumb\"},\"inLanguage\":\"fr-FR\",\"potentialAction\":[{\"@type\":\"ReadAction\",\"target\":[\"https:\/\/www.maisonducoussin.fr\/magazine\/coussin-dassise-sur-mesure-histoire-dun-projet\/\"]}]},{\"@type\":\"BreadcrumbList\",\"@id\":\"https:\/\/www.maisonducoussin.fr\/magazine\/coussin-dassise-sur-mesure-histoire-dun-projet\/#breadcrumb\",\"itemListElement\":[{\"@type\":\"ListItem\",\"position\":1,\"name\":\"Accueil\",\"item\":\"https:\/\/www.maisonducoussin.fr\/magazine\/\"},{\"@type\":\"ListItem\",\"position\":2,\"name\":\"Coussin d&rsquo;assise sur mesure, histoire d&rsquo;un projet\"}]},{\"@type\":\"Person\",\"@id\":\"https:\/\/www.maisonducoussin.fr\/magazine\/#\/schema\/person\/f49ac6b64851734da633d6d8d6f162dd\",\"name\":\"Caroline\",\"image\":{\"@type\":\"ImageObject\",\"@id\":\"https:\/\/www.maisonducoussin.fr\/magazine\/#personlogo\",\"inLanguage\":\"fr-FR\",\"url\":\"http:\/\/0.gravatar.com\/avatar\/f4699940a7c514f6e47991be030f1a13?s=96&d=mm&r=g\",\"contentUrl\":\"http:\/\/0.gravatar.com\/avatar\/f4699940a7c514f6e47991be030f1a13?s=96&d=mm&r=g\",\"caption\":\"Caroline\"},\"url\":\"http:\/\/www.maisonducoussin.fr\/magazine\/author\/caroline\/\"}]}<\/script>\n<!-- \/ Yoast SEO plugin. -->","yoast_head_json":{"title":"Coussin d'assise sur mesure, histoire d'un projet - Magazine Maison du Coussin","robots":{"index":"index","follow":"follow","max-snippet":"max-snippet:-1","max-image-preview":"max-image-preview:large","max-video-preview":"max-video-preview:-1"},"canonical":"https:\/\/www.maisonducoussin.fr\/magazine\/coussin-dassise-sur-mesure-histoire-dun-projet\/","og_locale":"fr_FR","og_type":"article","og_title":"Coussin d'assise sur mesure, histoire d'un projet - Magazine Maison du Coussin","og_description":"Maison du Coussin ne dispose pas de showroom, nos projets sont donc trait\u00e9s \u00e0 distance. Outre le fait que chacun soit aujourd&rsquo;hui familiaris\u00e9 avec ces proc\u00e9d\u00e9s, cela nous permet de faire profiter plus de monde de notre savoir-faire. Bien-s\u00fbr, nous mettons tout en oeuvre pour que notre collaboration soit aussi fluide que possible et que [&hellip;]","og_url":"https:\/\/www.maisonducoussin.fr\/magazine\/coussin-dassise-sur-mesure-histoire-dun-projet\/","og_site_name":"Magazine Maison du Coussin","article_published_time":"2021-09-24T10:52:27+00:00","article_modified_time":"2021-09-24T10:52:29+00:00","og_image":[{"width":751,"height":695,"url":"http:\/\/www.maisonducoussin.fr\/magazine\/wp-content\/uploads\/2016\/11\/Logo-rond-seul.jpg","path":"\/home\/maisonducu\/www\/magazine\/wp-content\/uploads\/2016\/11\/Logo-rond-seul.jpg","size":"full","id":472,"alt":"","pixels":521945,"type":"image\/jpeg"}],"twitter_card":"summary","twitter_misc":{"\u00c9crit par":"Caroline","Dur\u00e9e de lecture est.":"9 minutes"},"schema":{"@context":"https:\/\/schema.org","@graph":[{"@type":"WebSite","@id":"https:\/\/www.maisonducoussin.fr\/magazine\/#website","url":"https:\/\/www.maisonducoussin.fr\/magazine\/","name":"Magazine Maison du Coussin","description":"Le coussin design et couture     &nbsp;","potentialAction":[{"@type":"SearchAction","target":{"@type":"EntryPoint","urlTemplate":"https:\/\/www.maisonducoussin.fr\/magazine\/?s={search_term_string}"},"query-input":"required name=search_term_string"}],"inLanguage":"fr-FR"},{"@type":"ImageObject","@id":"https:\/\/www.maisonducoussin.fr\/magazine\/coussin-dassise-sur-mesure-histoire-dun-projet\/#primaryimage","inLanguage":"fr-FR","url":"http:\/\/www.maisonducoussin.fr\/magazine\/wp-content\/uploads\/2016\/11\/Logo-rond-seul.jpg","contentUrl":"http:\/\/www.maisonducoussin.fr\/magazine\/wp-content\/uploads\/2016\/11\/Logo-rond-seul.jpg","width":751,"height":695},{"@type":"WebPage","@id":"https:\/\/www.maisonducoussin.fr\/magazine\/coussin-dassise-sur-mesure-histoire-dun-projet\/#webpage","url":"https:\/\/www.maisonducoussin.fr\/magazine\/coussin-dassise-sur-mesure-histoire-dun-projet\/","name":"Coussin d'assise sur mesure, histoire d'un projet - Magazine Maison du Coussin","isPartOf":{"@id":"https:\/\/www.maisonducoussin.fr\/magazine\/#website"},"primaryImageOfPage":{"@id":"https:\/\/www.maisonducoussin.fr\/magazine\/coussin-dassise-sur-mesure-histoire-dun-projet\/#primaryimage"},"datePublished":"2021-09-24T10:52:27+00:00","dateModified":"2021-09-24T10:52:29+00:00","author":{"@id":"https:\/\/www.maisonducoussin.fr\/magazine\/#\/schema\/person\/f49ac6b64851734da633d6d8d6f162dd"},"breadcrumb":{"@id":"https:\/\/www.maisonducoussin.fr\/magazine\/coussin-dassise-sur-mesure-histoire-dun-projet\/#breadcrumb"},"inLanguage":"fr-FR","potentialAction":[{"@type":"ReadAction","target":["https:\/\/www.maisonducoussin.fr\/magazine\/coussin-dassise-sur-mesure-histoire-dun-projet\/"]}]},{"@type":"BreadcrumbList","@id":"https:\/\/www.maisonducoussin.fr\/magazine\/coussin-dassise-sur-mesure-histoire-dun-projet\/#breadcrumb","itemListElement":[{"@type":"ListItem","position":1,"name":"Accueil","item":"https:\/\/www.maisonducoussin.fr\/magazine\/"},{"@type":"ListItem","position":2,"name":"Coussin d&rsquo;assise sur mesure, histoire d&rsquo;un projet"}]},{"@type":"Person","@id":"https:\/\/www.maisonducoussin.fr\/magazine\/#\/schema\/person\/f49ac6b64851734da633d6d8d6f162dd","name":"Caroline","image":{"@type":"ImageObject","@id":"https:\/\/www.maisonducoussin.fr\/magazine\/#personlogo","inLanguage":"fr-FR","url":"http:\/\/0.gravatar.com\/avatar\/f4699940a7c514f6e47991be030f1a13?s=96&d=mm&r=g","contentUrl":"http:\/\/0.gravatar.com\/avatar\/f4699940a7c514f6e47991be030f1a13?s=96&d=mm&r=g","caption":"Caroline"},"url":"http:\/\/www.maisonducoussin.fr\/magazine\/author\/caroline\/"}]}},"_links":{"self":[{"href":"http:\/\/www.maisonducoussin.fr\/magazine\/wp-json\/wp\/v2\/posts\/1084"}],"collection":[{"href":"http:\/\/www.maisonducoussin.fr\/magazine\/wp-json\/wp\/v2\/posts"}],"about":[{"href":"http:\/\/www.maisonducoussin.fr\/magazine\/wp-json\/wp\/v2\/types\/post"}],"author":[{"embeddable":true,"href":"http:\/\/www.maisonducoussin.fr\/magazine\/wp-json\/wp\/v2\/users\/2"}],"replies":[{"embeddable":true,"href":"http:\/\/www.maisonducoussin.fr\/magazine\/wp-json\/wp\/v2\/comments?post=1084"}],"version-history":[{"count":3,"href":"http:\/\/www.maisonducoussin.fr\/magazine\/wp-json\/wp\/v2\/posts\/1084\/revisions"}],"predecessor-version":[{"id":1104,"href":"http:\/\/www.maisonducoussin.fr\/magazine\/wp-json\/wp\/v2\/posts\/1084\/revisions\/1104"}],"wp:featuredmedia":[{"embeddable":true,"href":"http:\/\/www.maisonducoussin.fr\/magazine\/wp-json\/wp\/v2\/media\/472"}],"wp:attachment":[{"href":"http:\/\/www.maisonducoussin.fr\/magazine\/wp-json\/wp\/v2\/media?parent=1084"}],"wp:term":[{"taxonomy":"category","embeddable":true,"href":"http:\/\/www.maisonducoussin.fr\/magazine\/wp-json\/wp\/v2\/categories?post=1084"},{"taxonomy":"post_tag","embeddable":true,"href":"http:\/\/www.maisonducoussin.fr\/magazine\/wp-json\/wp\/v2\/tags?post=1084"}],"curies":[{"name":"wp","href":"https:\/\/api.w.org\/{rel}","templated":true}]}}